{"id":14713,"date":"2020-11-15T11:57:50","date_gmt":"2020-11-15T11:57:50","guid":{"rendered":"https:\/\/www.netmundi.org\/home\/?p=14713"},"modified":"2025-10-01T18:31:05","modified_gmt":"2025-10-01T18:31:05","slug":"classicos-da-literatura-e-da-filosofia-300-obras-para-baixar","status":"publish","type":"post","link":"https:\/\/www.netmundi.org\/home\/classicos-da-literatura-e-da-filosofia-300-obras-para-baixar\/","title":{"rendered":"Cl\u00e1ssicos da literatura e da filosofia: 350 obras para baixar"},"content":{"rendered":"\n<p><strong>Colet\u00e2nea de 350 cl\u00e1ssicos <strong>de dom\u00ednio p\u00fablico<\/strong> da literatura e da filosofia.<\/strong> Os cl\u00e1ssicos s\u00e3o obras que moldaram as sociedades, tal como a <em>Odisseia<\/em>, de Homero, que delineou o ambiente cultural da Gr\u00e9cia Antiga, e <em>A Rep\u00fablica<\/em>, de Plat\u00e3o, que \u00e9 marco do pensamento filos\u00f3fico.<\/p>\n\n\n\n<p>Da mesma forma, autores como Wiliam Shakespeare, Dante Alighieri e Lu\u00eds de Cam\u00f5es influenciaram a cultura de seus povos; <strong>fil\u00f3sofos como Descartes, Rousseau e Immanuel Kant delinearam o pensamento cient\u00edfico e a pol\u00edtica do ocidente.<\/strong><\/p>\n\n\n\n<p>No Brasil, Machado de Assis retratou a contrastante realidade sem as distor\u00e7\u00f5es rom\u00e2nticas da literatura de sua \u00e9poca, introduzindo o <a rel=\"noreferrer noopener\" href=\"https:\/\/pt.wikipedia.org\/wiki\/Realismo\" target=\"_blank\">realismo<\/a> e determinando a prosa brasileira do s\u00e9culo XIX. <strong>\u00c9 considerado tamb\u00e9m um dos grandes autores da literatura mundial<\/strong>. Conhecer nossos autores cl\u00e1ssicos \u00e9 compreender nossa identidade.<\/p>\n\n\n\n<p>Os cl\u00e1ssicos da literatura e da filosofia, devidamente situados em seu momento hist\u00f3rico, s\u00e3o obras que fazem parte do processo civilizat\u00f3rio. <strong>Conhecer essas obras \u00e9  tomar consci\u00eancia desse processo, nos tornando sujeitos ativos na jornada da humanidade<\/strong>.<\/p>\n\n\n\n<ul class=\"wp-block-list\">\n<li><strong><em>Sugest\u00e3o de Leitura<\/em><\/strong>\n<ul class=\"wp-block-list\">\n<li><a href=\"https:\/\/www.netmundi.org\/filosofia\/2021\/frases-de-grandes-pensadores\/\" target=\"_blank\" rel=\"noreferrer noopener\">Frases de Grandes Pensadores<\/a><\/li>\n<\/ul>\n<\/li>\n<\/ul>\n\n\n\n<p><strong>Autor<\/strong>:&nbsp;<em><a rel=\"noreferrer noopener\" href=\"https:\/\/www.netmundi.org\/home\/quem-sou\/\" target=\"_blank\">Alfredo Carneiro<\/a>&nbsp;<\/em>\u2013 Graduado em Filosofia e p\u00f3s-graduado em Filosofia e Exist\u00eancia pela Universidade Cat\u00f3lica de Bras\u00edlia.<\/p>\n\n\n\n<h1 class=\"wp-block-heading\">Cl\u00e1ssicos da literatura e da filosofia: 350 obras para baixar<\/h1>\n\n\n\n<hr class=\"wp-block-separator has-css-opacity\"\/>\n\n\n\n<figure class=\"wp-block-image size-large\"><img loading=\"lazy\" decoding=\"async\" width=\"669\" height=\"159\" src=\"https:\/\/www.netmundi.org\/home\/wp-content\/uploads\/2020\/11\/classicos-da-literatura-e-da-filosofia.jpg\" alt=\"\" class=\"wp-image-15087\" srcset=\"https:\/\/www.netmundi.org\/home\/wp-content\/uploads\/2020\/11\/classicos-da-literatura-e-da-filosofia.jpg 669w, https:\/\/www.netmundi.org\/home\/wp-content\/uploads\/2020\/11\/classicos-da-literatura-e-da-filosofia-300x71.jpg 300w\" sizes=\"auto, (max-width: 669px) 100vw, 669px\" \/><\/figure>\n\n\n\n<p><\/p>\n\n\n\n<h3 class=\"wp-block-heading\">Adam Smith<\/h3>\n\n\n\n<ul class=\"wp-block-list\">\n<li><a href=\"https:\/\/www.netmundi.org\/home\/wp-content\/uploads\/2025\/10\/netmundi.org-Adam_Smith_-_A_Riqueza_das_Nacoes_-_InvestigaA7A3o_sobre_sua_natureza_e_suas_causas._Vol._I_Os_Economistas.pdf\" target=\"_blank\" rel=\"noreferrer noopener\">A Riqueza das Na\u00e7\u00f5es &#8211; Vol I<\/a><\/li>\n<\/ul>\n\n\n\n<h3 class=\"wp-block-heading\">Alexandre Dumas<\/h3>\n\n\n\n<ul class=\"wp-block-list\">\n<li><a href=\"https:\/\/www.netmundi.org\/home\/wp-content\/uploads\/2020\/10\/A-Dama-das-Camelias-Alexandre-Dumas.pdf\" target=\"_blank\" rel=\"noreferrer noopener\">A Dama das Cam\u00e9lias<\/a><\/li>\n<\/ul>\n\n\n\n<h3 class=\"wp-block-heading\">Alu\u00edsio Azevedo<\/h3>\n\n\n\n<ol class=\"wp-block-list\">\n<li><a href=\"https:\/\/www.netmundi.org\/home\/wp-content\/uploads\/2020\/11\/O-Cortico-Aluisio-Azevedo.pdf\" target=\"_blank\" rel=\"noreferrer noopener\">O Corti\u00e7o<\/a> (<em>vers\u00e3o<\/em> 1)<\/li>\n\n\n\n<li><a href=\"https:\/\/www.netmundi.org\/home\/wp-content\/uploads\/2020\/10\/O-Cortico-de-Aluisio-de-azevedo.pdf\" target=\"_blank\" rel=\"noreferrer noopener\">O Corti\u00e7o<\/a> (<em>vers\u00e3o <\/em>2)<\/li>\n\n\n\n<li><a href=\"https:\/\/www.netmundi.org\/home\/wp-content\/uploads\/2020\/11\/O-Mulato-por-Aluisio-de-Azevedo.pdf\" target=\"_blank\" rel=\"noreferrer noopener\">O Mulato<\/a><\/li>\n\n\n\n<li><a href=\"https:\/\/www.netmundi.org\/home\/wp-content\/uploads\/2020\/11\/A-Condessa-Vesper-por-Aluizio-de-Azevedo.pdf\" target=\"_blank\" rel=\"noreferrer noopener\">A Condessa V\u00e9sper<\/a><\/li>\n\n\n\n<li><a href=\"https:\/\/www.netmundi.org\/home\/wp-content\/uploads\/2020\/11\/Casa-de-Pensao-por-Aluizio-de-Azevedo.pdf\" target=\"_blank\" rel=\"noreferrer noopener\">Casa de Pens\u00e3o<\/a><\/li>\n\n\n\n<li><a href=\"https:\/\/www.netmundi.org\/home\/wp-content\/uploads\/2020\/11\/A-Mortalha-de-Alzira-de-Aluisio-de-Azevedo.pdf\" target=\"_blank\" rel=\"noreferrer noopener\">A Mortalha de Alzira<\/a><\/li>\n\n\n\n<li><a href=\"https:\/\/www.netmundi.org\/home\/wp-content\/uploads\/2020\/11\/Demonios-de-Aluisio-Azevedo.pdf\" target=\"_blank\" rel=\"noreferrer noopener\">Dem\u00f4nios<\/a><\/li>\n\n\n\n<li><a href=\"https:\/\/www.netmundi.org\/home\/wp-content\/uploads\/2020\/11\/Filomena-Borges-de-Aluisio-Azevedo.pdf\" target=\"_blank\" rel=\"noreferrer noopener\">Filomena Borges<\/a><\/li>\n\n\n\n<li><a href=\"https:\/\/www.netmundi.org\/home\/wp-content\/uploads\/2020\/11\/O-Japao-por-Aluisio-de-Azevedo.pdf\" target=\"_blank\" rel=\"noreferrer noopener\">O Jap\u00e3o<\/a><\/li>\n\n\n\n<li><a href=\"https:\/\/www.netmundi.org\/home\/wp-content\/uploads\/2020\/11\/Girandola-de-amores-de-Aluisio-Azevedo.pdf\" target=\"_blank\" rel=\"noreferrer noopener\">Gir\u00e2ndola de Amores<\/a><\/li>\n\n\n\n<li><a href=\"https:\/\/www.netmundi.org\/home\/wp-content\/uploads\/2020\/11\/Uma-Lagrima-de-Mulher-por-Aluisio-Azevedo.pdf\" target=\"_blank\" rel=\"noreferrer noopener\">Uma L\u00e1grima de Mulher<\/a><\/li>\n\n\n\n<li><a href=\"https:\/\/www.netmundi.org\/home\/wp-content\/uploads\/2020\/11\/Livro-de-uma-Sogra-por-Aluisio-de-Azevedo.pdf\" target=\"_blank\" rel=\"noreferrer noopener\">Livro de uma Sogra<\/a><\/li>\n\n\n\n<li><a href=\"https:\/\/www.netmundi.org\/home\/wp-content\/uploads\/2020\/11\/Macario-por-Aluisio-de-Azevedo.pdf\" target=\"_blank\" rel=\"noreferrer noopener\">Mac\u00e1rio<\/a><\/li>\n<\/ol>\n\n\n\n<h3 class=\"wp-block-heading\">\u00c1lvares de Azevedo<\/h3>\n\n\n\n<ol class=\"wp-block-list\">\n<li><a href=\"https:\/\/www.netmundi.org\/home\/wp-content\/uploads\/2020\/10\/Noite-na-Taverna-Alvares-de-Azevedo.pdf\" target=\"_blank\" rel=\"noreferrer noopener\">Noite na Taverna<\/a><\/li>\n\n\n\n<li><a href=\"https:\/\/www.netmundi.org\/home\/wp-content\/uploads\/2020\/11\/Lira-dos-Vinte-Anos-por-Alvares-de-Azevedo.pdf\" target=\"_blank\" rel=\"noreferrer noopener\">Lira dos vinte anos<\/a><\/li>\n\n\n\n<li><a href=\"https:\/\/www.netmundi.org\/home\/wp-content\/uploads\/2020\/11\/Ideias-intimas-de-Alvares-de-Azevedo.pdf\" target=\"_blank\" rel=\"noreferrer noopener\">Ideias \u00edntimas<\/a><\/li>\n\n\n\n<li><a href=\"https:\/\/www.netmundi.org\/home\/wp-content\/uploads\/2020\/11\/Poemas-ironicos-venenosos-e-sarcasticos-por-Alvares-de-Azevedo.pdf\" target=\"_blank\" rel=\"noreferrer noopener\">Poemas ir\u00f4nicos, venenosos e sarc\u00e1sticos<\/a><\/li>\n\n\n\n<li><a href=\"https:\/\/www.netmundi.org\/home\/wp-content\/uploads\/2020\/11\/Poemas-Malditos-por-Alvares-de-Azevedo.pdf\" target=\"_blank\" rel=\"noreferrer noopener\">Poemas Malditos<\/a><\/li>\n<\/ol>\n\n\n\n<h3 class=\"wp-block-heading\">Antero de Quental<\/h3>\n\n\n\n<ul class=\"wp-block-list\">\n<li><a href=\"https:\/\/www.netmundi.org\/home\/wp-content\/uploads\/2020\/11\/Antologia-de-Antero-de-Quental.pdf\" target=\"_blank\" rel=\"noreferrer noopener\">Antologia<\/a><\/li>\n<\/ul>\n\n\n\n<h3 class=\"wp-block-heading\">Arist\u00f3teles<\/h3>\n\n\n\n<ol class=\"wp-block-list\">\n<li><a href=\"https:\/\/www.netmundi.org\/home\/wp-content\/uploads\/2020\/10\/a-arte-poetica-de-aristoteles.pdf\" target=\"_blank\" rel=\"noreferrer noopener\">Po\u00e9tica<\/a><\/li>\n\n\n\n<li><a href=\"https:\/\/www.netmundi.org\/home\/wp-content\/uploads\/2020\/11\/Topicos-por-Aristoteles.pdf\" target=\"_blank\" rel=\"noreferrer noopener\">T\u00f3picos<\/a><\/li>\n<\/ol>\n\n\n\n<h3 class=\"wp-block-heading\">Artur Azevedo<\/h3>\n\n\n\n<ol class=\"wp-block-list\">\n<li><a href=\"https:\/\/www.netmundi.org\/home\/wp-content\/uploads\/2020\/10\/artur-azevedo-nao-me-toques.pdf\" target=\"_blank\" rel=\"noreferrer noopener\">N\u00e3o me toques<\/a><\/li>\n\n\n\n<li><a href=\"https:\/\/www.netmundi.org\/home\/wp-content\/uploads\/2020\/11\/A-Ama-Seca-Artur-Azevedo.pdf\" target=\"_blank\" rel=\"noreferrer noopener\">A Ama Seca<\/a><\/li>\n\n\n\n<li><a href=\"https:\/\/www.netmundi.org\/home\/wp-content\/uploads\/2020\/11\/A-casadinha-de-fresco-por-Artur-Azevedo.pdf\" target=\"_blank\" rel=\"noreferrer noopener\">A Casadinha de Fresco<\/a><\/li>\n\n\n\n<li><a href=\"https:\/\/www.netmundi.org\/home\/wp-content\/uploads\/2020\/11\/A-Conselho-do-Marido-por-Artur-Azevedo.pdf\" target=\"_blank\" rel=\"noreferrer noopener\">A Conselho do Marido<\/a><\/li>\n\n\n\n<li><a href=\"https:\/\/www.netmundi.org\/home\/wp-content\/uploads\/2020\/11\/A-Capital-Federal-por-Artur-Azevedo.pdf\" target=\"_blank\" rel=\"noreferrer noopener\">A Capital Federal<\/a><\/li>\n\n\n\n<li><a href=\"https:\/\/www.netmundi.org\/home\/wp-content\/uploads\/2020\/11\/A-Divida-por-Artur-Azevedo.pdf\" target=\"_blank\" rel=\"noreferrer noopener\">A D\u00edvida<\/a><\/li>\n\n\n\n<li><a href=\"https:\/\/www.netmundi.org\/home\/wp-content\/uploads\/2020\/11\/A-ALMANJARRA-de-Artur-Azevedo.pdf\" target=\"_blank\" rel=\"noreferrer noopener\">A Almanjarra<\/a><\/li>\n\n\n\n<li><a href=\"https:\/\/www.netmundi.org\/home\/wp-content\/uploads\/2020\/11\/A-Doenca-do-Fabricio-por-Artur-Azevedo.pdf\" target=\"_blank\" rel=\"noreferrer noopener\">A Doen\u00e7a do Fabr\u00edcio<\/a><\/li>\n\n\n\n<li><a href=\"https:\/\/www.netmundi.org\/home\/wp-content\/uploads\/2020\/11\/A-Filha-de-Maria-Angu-por-Artur-Azevedo.pdf\" target=\"_blank\" rel=\"noreferrer noopener\">A Filha de Maria Angu<\/a><\/li>\n\n\n\n<li><a href=\"https:\/\/www.netmundi.org\/home\/wp-content\/uploads\/2020\/11\/A-Joia-de-Artur-Azevedo.pdf\" target=\"_blank\" rel=\"noreferrer noopener\">A J\u00f3ia<\/a><\/li>\n\n\n\n<li><a href=\"https:\/\/www.netmundi.org\/home\/wp-content\/uploads\/2020\/11\/A-Marcelina-por-Artur-Azevedo.pdf\" target=\"_blank\" rel=\"noreferrer noopener\">A Marcelina<\/a><\/li>\n\n\n\n<li><a href=\"https:\/\/www.netmundi.org\/home\/wp-content\/uploads\/2020\/11\/A-Melhor-Amiga-por-Artur-Azevedo.pdf\" target=\"_blank\" rel=\"noreferrer noopener\">A Melhor Amiga<\/a><\/li>\n\n\n\n<li><a href=\"https:\/\/www.netmundi.org\/home\/wp-content\/uploads\/2020\/11\/A-Melhor-Vinganca-por-Artur-Azevedo.pdf\" target=\"_blank\" rel=\"noreferrer noopener\">A Melhor Vingan\u00e7a<\/a><\/li>\n\n\n\n<li><a href=\"https:\/\/www.netmundi.org\/home\/wp-content\/uploads\/2020\/11\/A-Filosofia-do-Mendes-de-Artur-Azevedo.pdf\" target=\"_blank\" rel=\"noreferrer noopener\">A Filosofia do Mendes<\/a><\/li>\n\n\n\n<li><a href=\"https:\/\/www.netmundi.org\/home\/wp-content\/uploads\/2020\/11\/A-Moca-mais-Bonita-do-Rio-de-Janeiro-por-Artur-Azevedo.pdf\" target=\"_blank\" rel=\"noreferrer noopener\">A Mo\u00e7a mais Bonita do Rio de Janeiro<\/a><\/li>\n\n\n\n<li><a href=\"https:\/\/www.netmundi.org\/home\/wp-content\/uploads\/2020\/11\/O-Mambembe-por-Artur-Azevedo.pdf\" target=\"_blank\" rel=\"noreferrer noopener\">O Mambembe<\/a><\/li>\n\n\n\n<li><a href=\"https:\/\/www.netmundi.org\/home\/wp-content\/uploads\/2020\/11\/A-Nota-de-cem-mil-reis-por-Artur-Azevedo.pdf\" target=\"_blank\" rel=\"noreferrer noopener\">A Nota de cem mil-r\u00e9is<\/a><\/li>\n\n\n\n<li><a href=\"https:\/\/www.netmundi.org\/home\/wp-content\/uploads\/2020\/11\/A-Pele-do-Lobo-por-Artur-Azevedo.pdf\" target=\"_blank\" rel=\"noreferrer noopener\">A Pele do Lobo<\/a><\/li>\n\n\n\n<li><a href=\"https:\/\/www.netmundi.org\/home\/wp-content\/uploads\/2020\/11\/A-Princesa-dos-Cajueiros-por-Artur-Azevedo.pdf\" target=\"_blank\" rel=\"noreferrer noopener\">A Princesa dos Cajueiros<\/a><\/li>\n\n\n\n<li><a href=\"https:\/\/www.netmundi.org\/home\/wp-content\/uploads\/2020\/11\/Contos-fora-da-moda-de-Artur-Azevedo.pdf\" target=\"_blank\" rel=\"noreferrer noopener\">Contos fora da moda<\/a><\/li>\n\n\n\n<li><a href=\"https:\/\/www.netmundi.org\/home\/wp-content\/uploads\/2020\/11\/Nova-Viagem-a-Lua-por-Artur-Azevedo.pdf\" target=\"_blank\" rel=\"noreferrer noopener\">Nova Viagem \u00e0 Lua<\/a><\/li>\n\n\n\n<li><a href=\"https:\/\/www.netmundi.org\/home\/wp-content\/uploads\/2020\/11\/O-Califa-da-Rua-do-Sabao-por-Artur-Azevedo.pdf\" target=\"_blank\" rel=\"noreferrer noopener\">O Califa da Rua do Sab\u00e3o<\/a><\/li>\n\n\n\n<li><a href=\"https:\/\/www.netmundi.org\/home\/wp-content\/uploads\/2020\/11\/O-Liberato-por-Artur-Azevedo.pdf\" target=\"_blank\" rel=\"noreferrer noopener\">O Liberato<\/a><\/li>\n\n\n\n<li><a href=\"https:\/\/www.netmundi.org\/home\/wp-content\/uploads\/2020\/11\/O-Rio-de-Janeiro-em-1877-por-Artur-Azevedo.pdf\" target=\"_blank\" rel=\"noreferrer noopener\">O Rio de Janeiro em 1877<\/a><\/li>\n\n\n\n<li><a href=\"https:\/\/www.netmundi.org\/home\/wp-content\/uploads\/2020\/11\/Os-Noivos-por-Artur-Azevedo.pdf\" target=\"_blank\" rel=\"noreferrer noopener\">Os Noivos<\/a><\/li>\n\n\n\n<li><a href=\"https:\/\/www.netmundi.org\/home\/wp-content\/uploads\/2020\/11\/Uma-Vespera-de-Reis-por-Artur-Azevedo.pdf\" target=\"_blank\" rel=\"noreferrer noopener\">Uma V\u00e9spera de Reis<\/a><\/li>\n\n\n\n<li><a href=\"https:\/\/www.netmundi.org\/home\/wp-content\/uploads\/2020\/11\/A-Porta-da-Botica-por-Artur-Azevedo.pdf\" target=\"_blank\" rel=\"noreferrer noopener\">\u00c0 Porta da Botica<\/a><\/li>\n\n\n\n<li><a href=\"https:\/\/www.netmundi.org\/home\/wp-content\/uploads\/2020\/11\/A-Polemica-Por-Artur-Azevedo.pdf\" target=\"_blank\" rel=\"noreferrer noopener\">A Pol\u00eamica<\/a><\/li>\n\n\n\n<li><a href=\"https:\/\/www.netmundi.org\/home\/wp-content\/uploads\/2020\/11\/A-Viuva-do-Estanislau-por-Artur-Azevedo.pdf\" target=\"_blank\" rel=\"noreferrer noopener\">A Vi\u00fava do Estanislau<\/a><\/li>\n\n\n\n<li><a href=\"https:\/\/www.netmundi.org\/home\/wp-content\/uploads\/2020\/11\/A-Tia-Aninha.pdf\" target=\"_blank\" rel=\"noreferrer noopener\">A Tia Aninha<\/a><\/li>\n\n\n\n<li><a href=\"https:\/\/www.netmundi.org\/home\/wp-content\/uploads\/2020\/11\/Abel-e-Helena-por-Artur-Azevedo.pdf\" target=\"_blank\" rel=\"noreferrer noopener\">Abel e Helena<\/a><\/li>\n\n\n\n<li><a href=\"https:\/\/www.netmundi.org\/home\/wp-content\/uploads\/2020\/11\/Amor-por-anexins-de-Artur-Azevedo.pdf\" target=\"_blank\" rel=\"noreferrer noopener\">Amor por Anexins<\/a><\/li>\n\n\n\n<li><a href=\"https:\/\/www.netmundi.org\/home\/wp-content\/uploads\/2020\/11\/As-Asneiras-do-Guedes-opr-Artur-Azevedo.pdf\" target=\"_blank\" rel=\"noreferrer noopener\">As Asneiras do Guedes<\/a><\/li>\n\n\n\n<li><a href=\"https:\/\/www.netmundi.org\/home\/wp-content\/uploads\/2020\/11\/As-Cerejas-por-Artur-Azevedo.pdf\" target=\"_blank\" rel=\"noreferrer noopener\">As Cerejas<\/a><\/li>\n\n\n\n<li><a href=\"https:\/\/www.netmundi.org\/home\/wp-content\/uploads\/2020\/11\/As-Paradas-por-Artur-Azevedo.pdf\" target=\"_blank\" rel=\"noreferrer noopener\">As Paradas<\/a><\/li>\n<\/ol>\n\n\n\n<h3 class=\"wp-block-heading\">Arthur Rimbaud<\/h3>\n\n\n\n<ol class=\"wp-block-list\">\n<li><a href=\"https:\/\/www.netmundi.org\/home\/wp-content\/uploads\/2020\/11\/Iluminuras-de-Artur-Rimbaud.pdf\" target=\"_blank\" rel=\"noreferrer noopener\">Iluminuras<\/a><\/li>\n\n\n\n<li><a href=\"https:\/\/www.netmundi.org\/home\/wp-content\/uploads\/2020\/11\/Uma-Estacao-no-Inferno-por-Artur-Rimbaud.pdf\" target=\"_blank\" rel=\"noreferrer noopener\">Uma Esta\u00e7\u00e3o no Inferno<\/a><\/li>\n<\/ol>\n\n\n\n<h3 class=\"wp-block-heading\">Augusto Comte<\/h3>\n\n\n\n<ul class=\"wp-block-list\">\n<li><a href=\"https:\/\/www.netmundi.org\/home\/wp-content\/uploads\/2020\/11\/DISCURSO-PRELIMINAR-SOBRE-O-ESPIRITO-POSITIVO-de-Augusto-Comte.pdf\" target=\"_blank\" rel=\"noreferrer noopener\">Discurso Preliminar sobre o Esp\u00edrito Positivo<\/a><\/li>\n<\/ul>\n\n\n\n<h3 class=\"wp-block-heading\">Augusto dos Anjos<\/h3>\n\n\n\n<ol class=\"wp-block-list\">\n<li><a href=\"https:\/\/www.netmundi.org\/home\/wp-content\/uploads\/2020\/10\/Eu-e-Outras-Poesias-Augustos-dos-Anjos.pdf\" target=\"_blank\" rel=\"noreferrer noopener\">Eu e Outras Poesias<\/a><\/li>\n\n\n\n<li><a href=\"https:\/\/www.netmundi.org\/home\/wp-content\/uploads\/2020\/11\/Eterna-Magoa-de-Augusto-dos-Anjos.pdf\" target=\"_blank\" rel=\"noreferrer noopener\">Eterna M\u00e1goa<\/a><\/li>\n\n\n\n<li><a href=\"https:\/\/www.netmundi.org\/home\/wp-content\/uploads\/2020\/11\/Outras-Poesias-de-Augusto-dos-Anjos.pdf\" target=\"_blank\" rel=\"noreferrer noopener\">Outras Poesias<\/a><\/li>\n<\/ol>\n\n\n\n<h3 class=\"wp-block-heading\">Baruch Spinoza<\/h3>\n\n\n\n<ul class=\"wp-block-list\">\n<li><a href=\"https:\/\/www.netmundi.org\/home\/wp-content\/uploads\/2020\/11\/TRATADO-DA-CORRECAO-DO-INTELECTO-por-Baruch-Spinoza.pdf\" target=\"_blank\" rel=\"noreferrer noopener\">Tratado da Corre\u00e7\u00e3o do Intelecto<\/a><\/li>\n<\/ul>\n\n\n\n<h3 class=\"wp-block-heading\">Bernardo Guimar\u00e3es<\/h3>\n\n\n\n<ol class=\"wp-block-list\">\n<li><a href=\"https:\/\/www.netmundi.org\/home\/wp-content\/uploads\/2020\/10\/A-Escrava-Isaura-Bernardo-Guimaraes.pdf\" target=\"_blank\" rel=\"noreferrer noopener\">Escrava Isaura<\/a><\/li>\n\n\n\n<li><a href=\"https:\/\/www.netmundi.org\/home\/wp-content\/uploads\/2020\/11\/A-Danca-dos-Ossos-por-Bernardo-Guimaraes.pdf\" target=\"_blank\" rel=\"noreferrer noopener\">A Dan\u00e7a dos Ossos<\/a><\/li>\n\n\n\n<li><a href=\"https:\/\/www.netmundi.org\/home\/wp-content\/uploads\/2020\/11\/A-Orgia-dos-Duendes-pr-Bernardo-Guimaraes.pdf\" target=\"_blank\" rel=\"noreferrer noopener\">A Orgia dos Duendes<\/a><\/li>\n\n\n\n<li><a href=\"https:\/\/www.netmundi.org\/home\/wp-content\/uploads\/2020\/11\/A-Origem-do-Menstruo-de-Bernardo-Guimaraes.pdf\" target=\"_blank\" rel=\"noreferrer noopener\">A Origem do M\u00eanstruo<\/a><\/li>\n\n\n\n<li><a href=\"https:\/\/www.netmundi.org\/home\/wp-content\/uploads\/2020\/11\/Canto-da-Solidao-por-Bernardo-Guimaraes.pdf\" target=\"_blank\" rel=\"noreferrer noopener\">Canto da Solid\u00e3o<\/a><\/li>\n\n\n\n<li><a href=\"https:\/\/www.netmundi.org\/home\/wp-content\/uploads\/2020\/11\/Historias-e-Tradicoes-da-Provincia-de-Minas-Gerais-por-Bernardo-Guimaraes.pdf\" target=\"_blank\" rel=\"noreferrer noopener\">Hist\u00f3rias e Tradi\u00e7\u00f5es da Prov\u00edncia de Minas Gerais<\/a><\/li>\n\n\n\n<li><a href=\"https:\/\/www.netmundi.org\/home\/wp-content\/uploads\/2020\/11\/Inspiracoes-da-Tarde-por-Bernardo-Guimaraes.pdf\" target=\"_blank\" rel=\"noreferrer noopener\">Inspira\u00e7\u00f5es da Tarde<\/a><\/li>\n\n\n\n<li><a href=\"https:\/\/www.netmundi.org\/home\/wp-content\/uploads\/2020\/11\/O-Ermitao-do-Muquem-por-Bernardo-Guimaraes.pdf\" target=\"_blank\" rel=\"noreferrer noopener\">O Ermit\u00e3o do Muqu\u00e9m<\/a><\/li>\n\n\n\n<li><a href=\"https:\/\/www.netmundi.org\/home\/wp-content\/uploads\/2020\/11\/O-Garimpeiro-por-Bernardo-Guimaraes.pdf\" target=\"_blank\" rel=\"noreferrer noopener\">O Garimpeiro<\/a><\/li>\n\n\n\n<li><a href=\"https:\/\/www.netmundi.org\/home\/wp-content\/uploads\/2020\/11\/O-seminarista-por-Bernardo-Guimaraes.pdf\" target=\"_blank\" rel=\"noreferrer noopener\">O seminarista<\/a><\/li>\n<\/ol>\n\n\n\n<h3 class=\"wp-block-heading\">Bertrand Russell<\/h3>\n\n\n\n<ol class=\"wp-block-list\">\n<li><a href=\"https:\/\/www.netmundi.org\/home\/wp-content\/uploads\/2020\/11\/A-filosofia-entre-a-religiao-e-a-ciencia-de-Betrand-Russell.pdf\" target=\"_blank\" rel=\"noreferrer noopener\">A Filosofia entre a Religi\u00e3o e a Ci\u00eancia<\/a><\/li>\n\n\n\n<li><a href=\"https:\/\/www.netmundi.org\/home\/wp-content\/uploads\/2020\/11\/Duvidas-Filosoficas-Bertrand-Russell.pdf\" target=\"_blank\" rel=\"noreferrer noopener\">D\u00favidas Filos\u00f3ficas<\/a><\/li>\n\n\n\n<li><a href=\"https:\/\/www.netmundi.org\/home\/wp-content\/uploads\/2020\/11\/O-Poder-nu-por-Bertrand-Russell.pdf\" target=\"_blank\" rel=\"noreferrer noopener\">O Poder Nu<\/a><\/li>\n<\/ol>\n\n\n\n<h3 class=\"wp-block-heading\">Blaise Pascal<\/h3>\n\n\n\n<ul class=\"wp-block-list\">\n<li><a href=\"https:\/\/www.netmundi.org\/home\/wp-content\/uploads\/2020\/11\/O-homem-perante-a-natureza-de-Blaise-Pascal.pdf\" target=\"_blank\" rel=\"noreferrer noopener\">O homem perante a natureza<\/a><\/li>\n<\/ul>\n\n\n\n<h3 class=\"wp-block-heading\">Camilo Castelo Branco<\/h3>\n\n\n\n<ol class=\"wp-block-list\">\n<li><a href=\"https:\/\/www.netmundi.org\/home\/wp-content\/uploads\/2020\/10\/amor-de-perdicao-camilo-castelo-branco.pdf\" target=\"_blank\" rel=\"noreferrer noopener\">Amor de Perdi\u00e7\u00e3o<\/a><\/li>\n\n\n\n<li><a href=\"https:\/\/www.netmundi.org\/home\/wp-content\/uploads\/2020\/11\/A-Brasileira-de-Prazins-Camilo-Castelo-Branco.pdf\" target=\"_blank\" rel=\"noreferrer noopener\">A Brasileira de Prazins<\/a><\/li>\n\n\n\n<li><a href=\"https:\/\/www.netmundi.org\/home\/wp-content\/uploads\/2020\/11\/Coisas-que-so-eu-sei-por-Camilo-Castelo-Branco.pdf\" target=\"_blank\" rel=\"noreferrer noopener\">Coisas que s\u00f3 eu sei<\/a><\/li>\n\n\n\n<li><a href=\"https:\/\/www.netmundi.org\/home\/wp-content\/uploads\/2020\/11\/Coracao-Cabeca-e-Estomago-opr-Camilo-Castelo-Branco.pdf\" target=\"_blank\" rel=\"noreferrer noopener\">Cora\u00e7\u00e3o, Cabe\u00e7a e Est\u00f4mago<\/a><\/li>\n\n\n\n<li><a href=\"https:\/\/www.netmundi.org\/home\/wp-content\/uploads\/2020\/11\/Os-Brilhantes-do-Brasileiro-por-Camilo-Castelo-Branco.pdf\" target=\"_blank\" rel=\"noreferrer noopener\">Os Brilhantes do Brasileiro<\/a><\/li>\n\n\n\n<li><a href=\"https:\/\/www.netmundi.org\/home\/wp-content\/uploads\/2020\/11\/Uma-Praga-Rogada-nas-Escadarias-da-Forca-por-Camilo-Castelo-Branco.pdf\" target=\"_blank\" rel=\"noreferrer noopener\">Uma Praga Rogada nas Escadarias da Forca<\/a><\/li>\n<\/ol>\n\n\n\n<h3 class=\"wp-block-heading\">Casimiro de Abreu<\/h3>\n\n\n\n<ol class=\"wp-block-list\">\n<li><a href=\"https:\/\/www.netmundi.org\/home\/wp-content\/uploads\/2020\/10\/As-primaveras-de-casimiro-de-abreu.pdf\" target=\"_blank\" rel=\"noreferrer noopener\">As Primaveras<\/a><\/li>\n\n\n\n<li><a href=\"https:\/\/www.netmundi.org\/home\/wp-content\/uploads\/2020\/11\/Carolina-de-Casimiro-de-Abreu.pdf\" target=\"_blank\" rel=\"noreferrer noopener\">Carolina<\/a><\/li>\n\n\n\n<li><a href=\"https:\/\/www.netmundi.org\/home\/wp-content\/uploads\/2020\/12\/Meus-Oito-Anos-de-Casimiro-de-Abreu.pdf\" target=\"_blank\" rel=\"noreferrer noopener\">Meus Oito Anos<\/a><\/li>\n<\/ol>\n\n\n\n<h3 class=\"wp-block-heading\">Castro Alves<\/h3>\n\n\n\n<ol class=\"wp-block-list\">\n<li><a href=\"https:\/\/www.netmundi.org\/home\/wp-content\/uploads\/2020\/11\/Navio-Negreiro-Castro-Alves.pdf\" target=\"_blank\" rel=\"noreferrer noopener\">Navio Negreiro<\/a><\/li>\n\n\n\n<li><a href=\"https:\/\/www.netmundi.org\/home\/wp-content\/uploads\/2020\/11\/Espumas-Flutuantes-Castro-Alves.pdf\" target=\"_blank\" rel=\"noreferrer noopener\">Espumas Flutuantes<\/a><\/li>\n\n\n\n<li><a href=\"https:\/\/www.netmundi.org\/home\/wp-content\/uploads\/2020\/11\/Os-Escravos-por-Castro-Alves.pdf\" target=\"_blank\" rel=\"noreferrer noopener\">Os Escravos<\/a> (edi\u00e7\u00e3o de 1884) <\/li>\n\n\n\n<li><a href=\"https:\/\/www.netmundi.org\/home\/wp-content\/uploads\/2020\/11\/O-Navio-Negreiro-e-Vozes-da-Africa.pdf\" target=\"_blank\" rel=\"noreferrer noopener\">Navio Negreiro e Vozes D&#8217;\u00c1frica<\/a><\/li>\n\n\n\n<li><a href=\"https:\/\/www.netmundi.org\/home\/wp-content\/uploads\/2020\/11\/Vozes-dAfrica-de-Castro-Alves.pdf\" target=\"_blank\" rel=\"noreferrer noopener\">Vozes d&#8217;\u00c1frica<\/a><\/li>\n\n\n\n<li><a href=\"https:\/\/www.netmundi.org\/home\/wp-content\/uploads\/2020\/11\/A-canoa-fantastica-por-Castro-Alves.pdf\" target=\"_blank\" rel=\"noreferrer noopener\">A Canoa Fant\u00e1stica<\/a><\/li>\n\n\n\n<li><a href=\"https:\/\/www.netmundi.org\/home\/wp-content\/uploads\/2020\/11\/A-boa-vista-por-Castro-Alves.pdf\" target=\"_blank\" rel=\"noreferrer noopener\">A Boa Vista<\/a><\/li>\n\n\n\n<li><a href=\"https:\/\/www.netmundi.org\/home\/wp-content\/uploads\/2020\/11\/A-Cachoeira-por-Castro-Alves.pdf\" target=\"_blank\" rel=\"noreferrer noopener\">A Cachoreira<\/a><\/li>\n\n\n\n<li><a href=\"https:\/\/www.netmundi.org\/home\/wp-content\/uploads\/2020\/11\/A-Cachoeira-de-Paulo-Afonso-por-Castro-Alves.pdf\" target=\"_blank\" rel=\"noreferrer noopener\">A Cachoeira de Paulo Afonso: colet\u00e2nea de 33 poemas<\/a><\/li>\n<\/ol>\n\n\n\n<h3 class=\"wp-block-heading\">Ces\u00e1rio Verde<\/h3>\n\n\n\n<ul class=\"wp-block-list\">\n<li><a href=\"https:\/\/www.netmundi.org\/home\/wp-content\/uploads\/2020\/11\/Poesias-Completas-de-Cesario-Verde.pdf\" target=\"_blank\" rel=\"noreferrer noopener\">Poesias Completas<\/a><\/li>\n<\/ul>\n\n\n\n<h3 class=\"wp-block-heading\">Coelho Neto<\/h3>\n\n\n\n<ul class=\"wp-block-list\">\n<li><a href=\"https:\/\/www.netmundi.org\/home\/wp-content\/uploads\/2020\/11\/A-conquista-por-Coelho-Netto.pdf\" target=\"_blank\" rel=\"noreferrer noopener\">A Conquista<\/a><\/li>\n<\/ul>\n\n\n\n<h3 class=\"wp-block-heading\">Dante Alighieri<\/h3>\n\n\n\n<ul class=\"wp-block-list\">\n<li><a href=\"https:\/\/www.netmundi.org\/home\/wp-content\/uploads\/2020\/10\/A-Divina-Comedia-Dante-Alighieri.pdf\" target=\"_blank\" rel=\"noreferrer noopener\">A Divina Com\u00e9dia<\/a><\/li>\n<\/ul>\n\n\n\n<h3 class=\"wp-block-heading\">David Hume<\/h3>\n\n\n\n<ul class=\"wp-block-list\">\n<li><a href=\"https:\/\/www.netmundi.org\/home\/wp-content\/uploads\/2020\/11\/Ensaio-sobre-o-Entendimento-Humano-de-David-Hume.pdf\" target=\"_blank\" rel=\"noreferrer noopener\">Ensaio sobre o Entendimento Humano<\/a><\/li>\n<\/ul>\n\n\n\n<h3 class=\"wp-block-heading\">E\u00e7a de Queiroz<\/h3>\n\n\n\n<ol class=\"wp-block-list\">\n<li><a href=\"https:\/\/www.netmundi.org\/home\/wp-content\/uploads\/2020\/10\/A-cidade-e-as-serras-eca-de-queiroz.pdf\" target=\"_blank\" rel=\"noreferrer noopener\">A Cidade e as Serras<\/a><\/li>\n\n\n\n<li><a href=\"https:\/\/www.netmundi.org\/home\/wp-content\/uploads\/2020\/10\/Os-Maias-Eca-de-Queiroz.pdf\" target=\"_blank\" rel=\"noreferrer noopener\">Os Maias<\/a><\/li>\n\n\n\n<li><a href=\"https:\/\/www.netmundi.org\/home\/wp-content\/uploads\/2020\/10\/O-Crime-do-Padre-Amaro-Eca-de-Queiroz.pdf\" target=\"_blank\" rel=\"noreferrer noopener\">O Crime do Padre Amaro<\/a><\/li>\n\n\n\n<li><a href=\"https:\/\/www.netmundi.org\/home\/wp-content\/uploads\/2020\/11\/A-Reliquia-Eca-de-Queiroz.pdf\" target=\"_blank\" rel=\"noreferrer noopener\">A Rel\u00edquia<\/a><\/li>\n\n\n\n<li><a href=\"https:\/\/www.netmundi.org\/home\/wp-content\/uploads\/2020\/11\/Contos-Eca-de-Queiroz.pdf\" target=\"_blank\" rel=\"noreferrer noopener\">Contos<\/a><\/li>\n\n\n\n<li><a href=\"https:\/\/www.netmundi.org\/home\/wp-content\/uploads\/2020\/11\/O-primo-Basilio-de-Eca-de-Queiroz.pdf\" target=\"_blank\" rel=\"noreferrer noopener\">O Primo Bas\u00edlio<\/a><\/li>\n\n\n\n<li><a href=\"https:\/\/www.netmundi.org\/home\/wp-content\/uploads\/2020\/11\/Cartas-DAmor-Eca-de-Queiroz.pdf\" target=\"_blank\" rel=\"noreferrer noopener\">Cartas D&#8217;Amor<\/a><\/li>\n\n\n\n<li><a href=\"https:\/\/www.netmundi.org\/home\/wp-content\/uploads\/2020\/11\/A-Ilustre-Casa-de-Ramires.pdf\" target=\"_blank\" rel=\"noreferrer noopener\">A Ilustre Casa de Ramires<\/a><\/li>\n<\/ol>\n\n\n\n<h3 class=\"wp-block-heading\">Epicuro<\/h3>\n\n\n\n<ul class=\"wp-block-list\">\n<li><a href=\"https:\/\/www.netmundi.org\/home\/wp-content\/uploads\/2020\/11\/Carta-a-Meneceu-Sobre-a-Felicidade-por-Epicuro.pdf\" target=\"_blank\" rel=\"noreferrer noopener\">Carta a Meneceu (sobre a felicidade)<\/a><\/li>\n<\/ul>\n\n\n\n<h3 class=\"wp-block-heading\">Erasmo de Rotterdam<\/h3>\n\n\n\n<ul class=\"wp-block-list\">\n<li><a href=\"https:\/\/www.netmundi.org\/home\/wp-content\/uploads\/2020\/11\/Elogio-da-Loucura-de-Erasmo-de-Rotterdam.pdf\" target=\"_blank\" rel=\"noreferrer noopener\">Elogio da Loucura<\/a><\/li>\n<\/ul>\n\n\n\n<h3 class=\"wp-block-heading\">Euclides da Cunha<\/h3>\n\n\n\n<ol class=\"wp-block-list\">\n<li><a href=\"https:\/\/www.netmundi.org\/home\/wp-content\/uploads\/2020\/10\/Os-Sertoes-Euclides-da-Cunha.pdf\" target=\"_blank\" rel=\"noreferrer noopener\">Os Sert\u00f5es<\/a><\/li>\n\n\n\n<li><a href=\"https:\/\/www.netmundi.org\/home\/wp-content\/uploads\/2020\/11\/Canudos-e-Outros-Temas-por-Euclides-da-Cunha.pdf\" target=\"_blank\" rel=\"noreferrer noopener\">Canudos e Outros Temas<\/a><\/li>\n\n\n\n<li><a href=\"https:\/\/www.netmundi.org\/home\/wp-content\/uploads\/2020\/11\/Contrastes-e-Confrontos-por-Euclides-da-Cunha.pdf\" target=\"_blank\" rel=\"noreferrer noopener\">Contrastes e Confrontos<\/a><\/li>\n\n\n\n<li><a href=\"https:\/\/www.netmundi.org\/home\/wp-content\/uploads\/2020\/11\/Ondas-e-Outros-Poemas-Esparsos-por-Euclides-da-Cunha.pdf\" target=\"_blank\" rel=\"noreferrer noopener\">Ondas e Outros Poemas Esparsos<\/a><\/li>\n\n\n\n<li><a href=\"https:\/\/www.netmundi.org\/home\/wp-content\/uploads\/2020\/11\/Peru-versus-Bolivia-por-Euclides-da-Cunha.pdf\" target=\"_blank\" rel=\"noreferrer noopener\">Peru <em>versus <\/em>Bol\u00edvia<\/a><\/li>\n\n\n\n<li><a href=\"https:\/\/www.netmundi.org\/home\/wp-content\/uploads\/2020\/11\/Um-paraiso-perdido-por-Euclides-da-Cunha.pdf\" target=\"_blank\" rel=\"noreferrer noopener\">Um Para\u00edso Perdido &#8211; Ensaios Amaz\u00f4nicos<\/a><\/li>\n\n\n\n<li><a href=\"https:\/\/www.netmundi.org\/home\/wp-content\/uploads\/2020\/11\/A-Margem-da-Historia-por-de-Euclides-da-Cunha.pdf\" target=\"_blank\" rel=\"noreferrer noopener\">\u00c0 Margem da Hist\u00f3ria<\/a><\/li>\n<\/ol>\n\n\n\n<h3 class=\"wp-block-heading\">Fernando Pessoa<\/h3>\n\n\n\n<ol class=\"wp-block-list\">\n<li><a href=\"https:\/\/www.netmundi.org\/home\/wp-content\/uploads\/2020\/10\/Poemas-de-Fernando-Pessoa.pdf\" target=\"_blank\" rel=\"noreferrer noopener\">Poemas de Fernando Pessoa<\/a><\/li>\n\n\n\n<li><a href=\"https:\/\/www.netmundi.org\/home\/wp-content\/uploads\/2020\/10\/cancioneiro-fernando-pessoa.pdf\" target=\"_blank\" rel=\"noreferrer noopener\">Cancioneiro<\/a><\/li>\n\n\n\n<li><a href=\"https:\/\/www.netmundi.org\/home\/wp-content\/uploads\/2020\/10\/mensagem-fernando-pessoa.pdf\" target=\"_blank\" rel=\"noreferrer noopener\">Mensagem<\/a><\/li>\n\n\n\n<li><a href=\"https:\/\/www.netmundi.org\/home\/wp-content\/uploads\/2020\/10\/o-eu-profundo-e-outros-eus-fernando-pessoa.pdf\" target=\"_blank\" rel=\"noreferrer noopener\">O eu profundo e outros eus<\/a><\/li>\n\n\n\n<li><a href=\"https:\/\/www.netmundi.org\/home\/wp-content\/uploads\/2020\/10\/Do-livro-do-desassossego-fernando-pessoa.pdf\" target=\"_blank\" rel=\"noreferrer noopener\">Do Livro do Desassossego<\/a><\/li>\n\n\n\n<li><a href=\"https:\/\/www.netmundi.org\/home\/wp-content\/uploads\/2020\/10\/poesias-ineditas-fernando-pessoa.pdf\" target=\"_blank\" rel=\"noreferrer noopener\">Poesias In\u00e9ditas<\/a><\/li>\n\n\n\n<li><a href=\"https:\/\/www.netmundi.org\/home\/wp-content\/uploads\/2020\/10\/fernando-pessoa-o-pastor-amoroso.pdf\" target=\"_blank\" rel=\"noreferrer noopener\">O Pastor Amoroso<\/a><\/li>\n\n\n\n<li><a href=\"https:\/\/www.netmundi.org\/home\/wp-content\/uploads\/2020\/10\/o-guardador-de-rebanhos-fernando-pessoa.pdf\" target=\"_blank\" rel=\"noreferrer noopener\">O Guardador de Rebanhos<\/a><\/li>\n\n\n\n<li><a href=\"https:\/\/www.netmundi.org\/home\/wp-content\/uploads\/2020\/10\/poemas-traduzidos.pdf\" target=\"_blank\" rel=\"noreferrer noopener\">Poemas Traduzidos<\/a><\/li>\n\n\n\n<li><a href=\"https:\/\/www.netmundi.org\/home\/wp-content\/uploads\/2020\/10\/poema-de-alvaro-campos-fernando-pessoa.pdf\" target=\"_blank\" rel=\"noreferrer noopener\">Poemas de \u00c1lvaro Campos<\/a><\/li>\n\n\n\n<li><a href=\"https:\/\/www.netmundi.org\/home\/wp-content\/uploads\/2020\/10\/o-banqueiro-anarquista-fernando-pessoa.pdf\" target=\"_blank\" rel=\"noreferrer noopener\">O Banqueiro Anarquista<\/a><\/li>\n\n\n\n<li><a href=\"https:\/\/www.netmundi.org\/home\/wp-content\/uploads\/2020\/10\/poemas-inconjuntos-fernando-pessoa.pdf\" target=\"_blank\" rel=\"noreferrer noopener\">Poemas Inconjuntos<\/a><\/li>\n\n\n\n<li><a href=\"https:\/\/www.netmundi.org\/home\/wp-content\/uploads\/2020\/10\/primeiro-fausto-fernando-pessoa.pdf\" target=\"_blank\" rel=\"noreferrer noopener\">Primeiro Fausto<\/a><\/li>\n\n\n\n<li><a href=\"https:\/\/www.netmundi.org\/home\/wp-content\/uploads\/2020\/10\/Poemas-de-Ricardo-Reis-Fernando-Pessoa.pdf\" target=\"_blank\" rel=\"noreferrer noopener\">Poemas de Ricardo Reis<\/a><\/li>\n\n\n\n<li><a href=\"https:\/\/www.netmundi.org\/home\/wp-content\/uploads\/2020\/10\/poemas-em-ingles-fernando-pessoa.pdf\" target=\"_blank\" rel=\"noreferrer noopener\">Poemas em Ingl\u00eas<\/a><\/li>\n\n\n\n<li><a href=\"https:\/\/www.netmundi.org\/home\/wp-content\/uploads\/2020\/11\/Ficcoes-do-interludio-para-alem-do-outro-oceano-de-Coelho-Pacheco-Fernando-Pessoa.pdf\" target=\"_blank\" rel=\"noreferrer noopener\">Fic\u00e7\u00f5es do Interl\u00fadio<\/a><\/li>\n<\/ol>\n\n\n\n<h3 class=\"wp-block-heading\">Florbela Espanca<\/h3>\n\n\n\n<ol class=\"wp-block-list\">\n<li><a href=\"https:\/\/www.netmundi.org\/home\/wp-content\/uploads\/2020\/10\/poemas-selecionados-de-florbela-espanca.pdf\" target=\"_blank\" rel=\"noreferrer noopener\">Poemas Selecionados<\/a><\/li>\n\n\n\n<li><a href=\"https:\/\/www.netmundi.org\/home\/wp-content\/uploads\/2020\/11\/Livro-de-Magoas-de-Florbela-Espanca.pdf\" target=\"_blank\" rel=\"noreferrer noopener\">Livro de M\u00e1goas<\/a><\/li>\n\n\n\n<li><a href=\"https:\/\/www.netmundi.org\/home\/wp-content\/uploads\/2020\/11\/Charneca-em-Flor-de-Florbela-Espanca.pdf\" target=\"_blank\" rel=\"noreferrer noopener\">Charneca em Flor<\/a><\/li>\n\n\n\n<li><a href=\"https:\/\/www.netmundi.org\/home\/wp-content\/uploads\/2020\/11\/LIVRO-DE-SOROR-SAUDADE-de-Florbela-Espanca.pdf\" target=\"_blank\" rel=\"noreferrer noopener\">Livro de Soror Saudade<\/a><\/li>\n\n\n\n<li><a href=\"https:\/\/www.netmundi.org\/home\/wp-content\/uploads\/2020\/11\/O-livro-Dele-por-Florbela-Espanca.pdf\" target=\"_blank\" rel=\"noreferrer noopener\">O Livro D&#8217;ele<\/a><\/li>\n\n\n\n<li><a href=\"https:\/\/www.netmundi.org\/home\/wp-content\/uploads\/2020\/11\/Reliquiae-de-Florbela-Espanca.pdf\" target=\"_blank\" rel=\"noreferrer noopener\">Reliquiae<\/a><\/li>\n\n\n\n<li><a href=\"https:\/\/www.netmundi.org\/home\/wp-content\/uploads\/2020\/11\/A-Mensageira-das-Violetas-de-Florbela-Espanca.pdf\" target=\"_blank\" rel=\"noreferrer noopener\">A Mensageira das Violetas<\/a><\/li>\n<\/ol>\n\n\n\n<h3 class=\"wp-block-heading\">Francis Bacon<\/h3>\n\n\n\n<ol class=\"wp-block-list\">\n<li><a href=\"https:\/\/www.netmundi.org\/home\/wp-content\/uploads\/2020\/11\/Novum-Organum-ou-Verdadeiras-Indicacoes-Acerca-da-Interpretacao-da-Natureza-por-Francis-Bacon.pdf\" target=\"_blank\" rel=\"noreferrer noopener\">Novo Organum ou Verdadeiras indica\u00e7\u00f5es acerca da interpreta\u00e7\u00e3o da natureza<\/a><\/li>\n\n\n\n<li><a href=\"https:\/\/www.netmundi.org\/home\/wp-content\/uploads\/2020\/11\/Sobre-Jardins-por-Francis-Bacon.pdf\" target=\"_blank\" rel=\"noreferrer noopener\">Sobre Jardins<\/a><\/li>\n<\/ol>\n\n\n\n<h3 class=\"wp-block-heading\">Franz Kafka<\/h3>\n\n\n\n<ul class=\"wp-block-list\">\n<li><a href=\"https:\/\/www.netmundi.org\/home\/wp-content\/uploads\/2020\/10\/a-metamorfose.pdf\" target=\"_blank\" rel=\"noreferrer noopener\">A Metamorfose<\/a><\/li>\n<\/ul>\n\n\n\n<h3 class=\"wp-block-heading\">Friedrich Nietzsche<\/h3>\n\n\n\n<ol class=\"wp-block-list\">\n<li><a href=\"https:\/\/www.netmundi.org\/home\/wp-content\/uploads\/2020\/11\/Assim-Falava-Zaratustra-de-Friedrich-Nietzsche.pdf\" target=\"_blank\" rel=\"noreferrer noopener\">Assim Falava Zaratustra<\/a><\/li>\n\n\n\n<li><a href=\"https:\/\/www.netmundi.org\/home\/wp-content\/uploads\/2020\/11\/O-Anticristo-de-Friedrich-Nietzsche-v1.pdf\" target=\"_blank\" rel=\"noreferrer noopener\">O Anticristo<\/a> (<em>vers\u00e3o 1<\/em>)<\/li>\n\n\n\n<li><a href=\"https:\/\/www.netmundi.org\/home\/wp-content\/uploads\/2020\/11\/O-Anticristo-de-Friedrich-Nietzsche-v2.pdf\" target=\"_blank\" rel=\"noreferrer noopener\">O Anticristo<\/a> (<em>vers\u00e3o 2<\/em>)<\/li>\n<\/ol>\n\n\n\n<h3 class=\"wp-block-heading\">Gil Vicente<\/h3>\n\n\n\n<ol class=\"wp-block-list\">\n<li><a href=\"https:\/\/www.netmundi.org\/home\/wp-content\/uploads\/2020\/10\/Auto-da-Barca-do-Inferno-Gil-Vicente.pdf\" target=\"_blank\" rel=\"noreferrer noopener\">Auto da Barca do Inferno<\/a><\/li>\n\n\n\n<li><a href=\"https:\/\/www.netmundi.org\/home\/wp-content\/uploads\/2020\/11\/Farsa-ou-Auto-de-Ines-Pereira-por-Gil-Vicente.pdf\" target=\"_blank\" rel=\"noreferrer noopener\">Farsa ou Auto de In\u00eas Pereira<\/a><\/li>\n\n\n\n<li><a href=\"https:\/\/www.netmundi.org\/home\/wp-content\/uploads\/2020\/11\/Auto-da-Alma-de-Gil-Vicente.pdf\" target=\"_blank\" rel=\"noreferrer noopener\">Auto da Alma<\/a><\/li>\n<\/ol>\n\n\n\n<h3 class=\"wp-block-heading\">Gon\u00e7alves dias<\/h3>\n\n\n\n<ul class=\"wp-block-list\">\n<li><a href=\"https:\/\/www.netmundi.org\/home\/wp-content\/uploads\/2020\/11\/Cancao-do-exilio-de-Antonio-Goncalves-Dias.pdf\" target=\"_blank\" rel=\"noreferrer noopener\">Can\u00e7\u00e3o do Ex\u00edlio<\/a><\/li>\n<\/ul>\n\n\n\n<h3 class=\"wp-block-heading\">Greg\u00f3rio de Matos<\/h3>\n\n\n\n<ol class=\"wp-block-list\">\n<li><a href=\"https:\/\/www.netmundi.org\/home\/wp-content\/uploads\/2020\/11\/Selecao-de-Obras-Poeticas-por-Gregorio-de-Matos.pdf\" target=\"_blank\" rel=\"noreferrer noopener\">Sele\u00e7\u00e3o de Obras Po\u00e9ticas<\/a><\/li>\n\n\n\n<li><a href=\"https:\/\/www.netmundi.org\/home\/wp-content\/uploads\/2020\/12\/Cronica-do-Viver-Baiano-Seiscentista-Os-Homens-Bons-por-Gregorio-de-Matos.pdf\" target=\"_blank\" rel=\"noreferrer noopener\">Os Homens Bons<\/a><\/li>\n\n\n\n<li><a href=\"https:\/\/www.netmundi.org\/home\/wp-content\/uploads\/2020\/12\/Cronica-do-viver-Baiano-Seiscentista-a-cidade-e-seus-picaros-Betica-por-Gregogio-de-Matos.pdf\" target=\"_blank\" rel=\"noreferrer noopener\">Betica<\/a><\/li>\n\n\n\n<li><a href=\"https:\/\/www.netmundi.org\/home\/wp-content\/uploads\/2020\/12\/Cronica-do-viver-Baiano-Seiscentista-a-cidade-e-seus-picaros-alguns-passos-discretos-e-tristes-por-Gregorio-de-Matos.pdf\" target=\"_blank\" rel=\"noreferrer noopener\">Alguns Passos Discretos e Tristes<\/a><\/li>\n\n\n\n<li><a href=\"https:\/\/www.netmundi.org\/filosofia\/wp-content\/uploads\/2020\/12\/Cronica-do-Viver-Baiano-Seiscentista-Os-homens-bons-de-Gregorio-de-Matos.pdf\" target=\"_blank\" rel=\"noreferrer noopener\">Cr\u00f4nica do Viver Baiano Seiscentista &#8211; Os homens bons<\/a><\/li>\n\n\n\n<li><a href=\"https:\/\/www.netmundi.org\/filosofia\/wp-content\/uploads\/2020\/12\/Cronica-do-viver-Baiano-Seiscentista-a-cidade-e-seus-picaros-Betica-por-Gregogio-de-Matos.pdf\" target=\"_blank\" rel=\"noreferrer noopener\">Cr\u00f4nica do viver Baiano Seiscentista &#8211; A cidade e seus p\u00edcaros &#8211; Betica<\/a><\/li>\n\n\n\n<li><a href=\"https:\/\/www.netmundi.org\/filosofia\/wp-content\/uploads\/2020\/12\/Cronica-do-viver-Baiano-Seiscentista-a-cidade-e-seus-picaros-alguns-passos-discretos-e-tristes-por-Gregorio-de-Matos.pdf\" target=\"_blank\" rel=\"noreferrer noopener\">Cr\u00f4nica do viver Baiano Seiscentista &#8211; a cidade e seus p\u00edcaros &#8211; alguns passos discretos e tristes<\/a><\/li>\n\n\n\n<li><a href=\"https:\/\/www.netmundi.org\/home\/wp-content\/uploads\/2020\/12\/Cronica-do-viver-baiano-seiscentista-a-cidade-e-seus-picaros-Antonia.pdf\" target=\"_blank\" rel=\"noreferrer noopener\">Cr\u00f4nica do viver baiano seiscentista &#8211; a cidade e seus p\u00edcaros &#8211; Ant\u00f4nia<\/a><\/li>\n\n\n\n<li><a href=\"https:\/\/www.netmundi.org\/home\/wp-content\/uploads\/2020\/12\/Cronica-do-viver-baiano-seiscentista-a-cidade-e-seus-picaros-Barbora-ou-Babu.pdf\" target=\"_blank\" rel=\"noreferrer noopener\">Cr\u00f4nica do viver baiano seiscentista &#8211; a cidade e seus p\u00edcaros &#8211; B\u00e1rbora ou Babu<\/a><\/li>\n\n\n\n<li><a href=\"https:\/\/www.netmundi.org\/home\/wp-content\/uploads\/2020\/12\/Cronica-do-viver-baiano-seiscentista-a-cidade-e-seus-picaros-Cota-por-gregorio-de-matos.pdf\" target=\"_blank\" rel=\"noreferrer noopener\">Cr\u00f4nica do viver baiano seiscentista &#8211; a cidade e seus p\u00edcaros &#8211; Cota<\/a><\/li>\n\n\n\n<li><a href=\"https:\/\/www.netmundi.org\/home\/wp-content\/uploads\/2020\/12\/Cronica-do-viver-baiano-seiscentista-a-cidade-e-seus-picaros-Custodia-por-Gregorio-de-Matos.pdf\" target=\"_blank\" rel=\"noreferrer noopener\">Cr\u00f4nica do viver baiano seiscentista &#8211; a cidade e seus p\u00edcaros &#8211; Cust\u00f3dia<\/a><\/li>\n\n\n\n<li><a href=\"https:\/\/www.netmundi.org\/home\/wp-content\/uploads\/2020\/12\/Cronica-do-viver-baiano-seiscentista-a-cidade-e-seus-picaros-Joana-por-gregorio-de-matos.pdf\" target=\"_blank\" rel=\"noreferrer noopener\">Cr\u00f4nica do viver baiano seiscentista &#8211; a cidade e seus p\u00edcaros &#8211; Joana<\/a><\/li>\n\n\n\n<li><a href=\"https:\/\/www.netmundi.org\/home\/wp-content\/uploads\/2020\/12\/Cronica-do-viver-baiano-seiscentista-a-cidade-e-seus-picaros-Letrados.pdf\" target=\"_blank\" rel=\"noreferrer noopener\">Cr\u00f4nica do viver baiano seiscentista &#8211; a cidade e seus p\u00edcaros &#8211; Letrados<\/a><\/li>\n\n\n\n<li><a href=\"https:\/\/www.netmundi.org\/home\/wp-content\/uploads\/2020\/12\/Cronica-do-viver-baiano-seiscentista-a-cidade-e-seus-picaros-Mariana-apelidada-a-rola-por-Gregorio-de-Matos.pdf\" target=\"_blank\" rel=\"noreferrer noopener\">Cr\u00f4nica do viver baiano seiscentista &#8211; a cidade e seus p\u00edcaros &#8211; Mariana, apelidada a rola<\/a><\/li>\n\n\n\n<li><a href=\"https:\/\/www.netmundi.org\/home\/wp-content\/uploads\/2020\/12\/Cronica-do-Viver-Baiano-Seiscentista-A-Nossa-Se-da-Bahia-por-Gregorio-de-Matos.pdf\" target=\"_blank\" rel=\"noreferrer noopener\">Cr\u00f4nica do Viver Baiano Seiscentista &#8211; A Nossa S\u00e9 da Bahia<\/a><\/li>\n\n\n\n<li><a href=\"https:\/\/www.netmundi.org\/home\/wp-content\/uploads\/2020\/12\/Cronica-do-Viver-Baiano-Seiscentista-O-Burgo-por-Gregorio-de-Matos.pdf\" target=\"_blank\" rel=\"noreferrer noopener\">Cr\u00f4nica do Viver Baiano Seiscentista &#8211; O Burgo<\/a><\/li>\n<\/ol>\n\n\n\n<h3 class=\"wp-block-heading\">Henry David Thoreau<\/h3>\n\n\n\n<ol class=\"wp-block-list\">\n<li><a href=\"https:\/\/www.netmundi.org\/home\/wp-content\/uploads\/2020\/10\/A-Desobediencia-Civil-Henry-David-Thoreau-v1.pdf\" target=\"_blank\" rel=\"noreferrer noopener\">A Desobedi\u00eancia Civil <em>(vers\u00e3o 1)<\/em><\/a><\/li>\n\n\n\n<li><a href=\"https:\/\/www.netmundi.org\/home\/wp-content\/uploads\/2020\/10\/A-Desobediencia-Civil-Henry-David-Thoreau-v2.pdf\" target=\"_blank\" rel=\"noreferrer noopener\">A Desobedi\u00eancia Civil <em>(vers\u00e3o 2)<\/em><\/a><\/li>\n<\/ol>\n\n\n\n<h3 class=\"wp-block-heading\">Homero<\/h3>\n\n\n\n<ol class=\"wp-block-list\">\n<li><a href=\"https:\/\/www.netmundi.org\/home\/wp-content\/uploads\/2020\/11\/Iliada-de-Homero.pdf\" target=\"_blank\" rel=\"noreferrer noopener\">Il\u00edada<\/a><\/li>\n\n\n\n<li><a href=\"https:\/\/www.netmundi.org\/home\/wp-content\/uploads\/2020\/11\/odisseia-de-homero.pdf\" target=\"_blank\" rel=\"noreferrer noopener\">Odiss\u00e9ia<\/a><\/li>\n<\/ol>\n\n\n\n<h3 class=\"wp-block-heading\">Honor\u00e9 Balzac<\/h3>\n\n\n\n<ul class=\"wp-block-list\">\n<li><a href=\"https:\/\/www.netmundi.org\/home\/wp-content\/uploads\/2020\/11\/O-Elixir-da-Longa-Vida-por-Honore-Balzac.pdf\" target=\"_blank\" rel=\"noreferrer noopener\">O elixir da longa vida<\/a><\/li>\n<\/ul>\n\n\n\n<h3 class=\"wp-block-heading\">Immanuel Kant<\/h3>\n\n\n\n<ol class=\"wp-block-list\">\n<li><a href=\"https:\/\/www.netmundi.org\/home\/wp-content\/uploads\/2020\/11\/Critica-da-Razao-Pura-de-Immanuel-Kant.pdf\" target=\"_blank\" rel=\"noreferrer noopener\">Cr\u00edtica da Raz\u00e3o Pura<\/a><\/li>\n\n\n\n<li><a href=\"https:\/\/www.netmundi.org\/filosofia\/wp-content\/uploads\/2017\/05\/Resposta-a-pergunta-o-que-e-esclarecimento.pdf\" target=\"_blank\" rel=\"noreferrer noopener\">Resposta \u00e0 pergunta: o que \u00e9 esclarecimento?<\/a><\/li>\n\n\n\n<li><a href=\"https:\/\/www.netmundi.org\/home\/wp-content\/uploads\/2020\/11\/Fundamentacao-da-Metafisica-dos-Costumes-de-Immanuel-Kant.pdf\" target=\"_blank\" rel=\"noreferrer noopener\">Fundamenta\u00e7\u00e3o da Metaf\u00edsica dos Costumes<\/a><\/li>\n<\/ol>\n\n\n\n<h3 class=\"wp-block-heading\">Jean-Jacques Rousseau<\/h3>\n\n\n\n<ol class=\"wp-block-list\">\n<li><a href=\"https:\/\/www.netmundi.org\/home\/wp-content\/uploads\/2020\/11\/Discurso-sobre-a-Origem-da-Desigualdade-Entre-os-Homens-Jeab-Jacques-Rousseau.pdf\" target=\"_blank\" rel=\"noreferrer noopener\">Discurso sobre a Origem da Desigualdade entre os Homens<\/a><\/li>\n\n\n\n<li><a href=\"https:\/\/www.netmundi.org\/home\/wp-content\/uploads\/2020\/11\/Discurso-sobre-as-Ciencias-e-as-Artes-de-Jean-Jacques-Rousseau.pdf\" target=\"_blank\" rel=\"noreferrer noopener\">Discurso sobre as Ci\u00eancias e as Artes<\/a><\/li>\n<\/ol>\n\n\n\n<h3 class=\"wp-block-heading\">Jean-Paul Sartre<\/h3>\n\n\n\n<ul class=\"wp-block-list\">\n<li><a href=\"https:\/\/www.netmundi.org\/home\/wp-content\/uploads\/2020\/08\/O-Existencialismo-E-Um-Humanismo.pdf\" target=\"_blank\" rel=\"noreferrer noopener\">O Existencialismo \u00e9 um Humanismo<\/a><\/li>\n<\/ul>\n\n\n\n<h3 class=\"wp-block-heading\">Jo\u00e3o Capistrano de Abreu<\/h3>\n\n\n\n<ul class=\"wp-block-list\">\n<li><a href=\"https:\/\/www.netmundi.org\/home\/wp-content\/uploads\/2020\/11\/Capitulos-de-Historia-Colonial-de-Joao-Capistrano-de-Abreu.pdf\" target=\"_blank\" rel=\"noreferrer noopener\">Cap\u00edtulos de Hist\u00f3ria Colonial<\/a><\/li>\n<\/ul>\n\n\n\n<h3 class=\"wp-block-heading\">Jo\u00e3o do Rio<\/h3>\n\n\n\n<ol class=\"wp-block-list\">\n<li><a href=\"https:\/\/www.netmundi.org\/home\/wp-content\/uploads\/2020\/10\/A-Alma-Encantadora-das-ruas-Joao-do-Rio.pdf\" target=\"_blank\" rel=\"noreferrer noopener\">A Alma Encantadora das Ruas<\/a><\/li>\n\n\n\n<li><a href=\"https:\/\/www.netmundi.org\/home\/wp-content\/uploads\/2020\/11\/A-Bela-Madame-Vargas-por-Joao-do-Rio.pdf\" target=\"_blank\" rel=\"noreferrer noopener\">A Bela Madame Vargas<\/a><\/li>\n\n\n\n<li><a href=\"https:\/\/www.netmundi.org\/home\/wp-content\/uploads\/2020\/11\/As-Religioes-no-Rio-por-Joao-do-Rio.pdf\" target=\"_blank\" rel=\"noreferrer noopener\">As Religi\u00f5es no Rio<\/a><\/li>\n<\/ol>\n\n\n\n<h3 class=\"wp-block-heading\">Joaquim Manoel de Macedo<\/h3>\n\n\n\n<ol class=\"wp-block-list\">\n<li><a href=\"https:\/\/www.netmundi.org\/home\/wp-content\/uploads\/2020\/10\/A-MORENINHA-Joaquim-Manuel-de-Macedo.pdf\" target=\"_blank\" rel=\"noreferrer noopener\">A Moreninha<\/a><\/li>\n\n\n\n<li><a href=\"https:\/\/www.netmundi.org\/home\/wp-content\/uploads\/2020\/10\/As-Vitimas-Algozes-Joaquim-Manoel-de-Macedo.pdf\" target=\"_blank\" rel=\"noreferrer noopener\">As V\u00edtimas Algozes<\/a><\/li>\n\n\n\n<li><a href=\"https:\/\/www.netmundi.org\/home\/wp-content\/uploads\/2020\/11\/A-Luneta-Magica-de-Joaquim-Manoel-Macedo.pdf\" target=\"_blank\" rel=\"noreferrer noopener\">A Luneta M\u00e1gica<\/a><\/li>\n<\/ol>\n\n\n\n<h3 class=\"wp-block-heading\">Joaquim Nabuco<\/h3>\n\n\n\n<ol class=\"wp-block-list\">\n<li><a href=\"https:\/\/www.netmundi.org\/home\/wp-content\/uploads\/2020\/10\/O-Abolicionismo-Joaquim-Nabuco.pdf\" target=\"_blank\" rel=\"noreferrer noopener\">O Abolicionismo<\/a><\/li>\n\n\n\n<li><a href=\"https:\/\/www.netmundi.org\/home\/wp-content\/uploads\/2020\/11\/Minha-Formacao-por-Joaquim-Nabuco.pdf\" target=\"_blank\" rel=\"noreferrer noopener\">Minha Forma\u00e7\u00e3o<\/a><\/li>\n<\/ol>\n\n\n\n<h3 class=\"wp-block-heading\">Johann Wolfgang von Goethe<\/h3>\n\n\n\n<ul class=\"wp-block-list\">\n<li><a href=\"https:\/\/www.netmundi.org\/home\/wp-content\/uploads\/2020\/10\/Fausto-Johann-Wolfgang-von-Goethe.pdf\" target=\"_blank\" rel=\"noreferrer noopener\">Fausto<\/a><\/li>\n<\/ul>\n\n\n\n<h3 class=\"wp-block-heading\">Jonathan Swift<\/h3>\n\n\n\n<ul class=\"wp-block-list\">\n<li><a href=\"https:\/\/www.netmundi.org\/home\/wp-content\/uploads\/2020\/11\/Viagens-de-Gulliver-Jonathan-Swift.pdf\" target=\"_blank\" rel=\"noreferrer noopener\">Viagens de Gulliver<\/a><\/li>\n<\/ul>\n\n\n\n<h3 class=\"wp-block-heading\">Jos\u00e9 de Alencar<\/h3>\n\n\n\n<ol class=\"wp-block-list\">\n<li><a href=\"https:\/\/www.netmundi.org\/home\/wp-content\/uploads\/2020\/10\/iracema-de-Jose-de-Alencar.pdf\" target=\"_blank\" rel=\"noreferrer noopener\">Iracema<\/a><\/li>\n\n\n\n<li><a href=\"https:\/\/www.netmundi.org\/home\/wp-content\/uploads\/2020\/10\/Senhora-Jose-de-Alencar.pdf\" target=\"_blank\" rel=\"noreferrer noopener\">Senhora<\/a><\/li>\n\n\n\n<li><a href=\"https:\/\/www.netmundi.org\/home\/wp-content\/uploads\/2020\/10\/O-Guarani-Jose-de-Alencar.pdf\" target=\"_blank\" rel=\"noreferrer noopener\">O Guarani<\/a><\/li>\n\n\n\n<li><a href=\"https:\/\/www.netmundi.org\/home\/wp-content\/uploads\/2020\/11\/O-Sertanejo-de-Jose-de-Alencar.pdf\" target=\"_blank\" rel=\"noreferrer noopener\">O Sertanejo<\/a><\/li>\n\n\n\n<li><a href=\"https:\/\/www.netmundi.org\/home\/wp-content\/uploads\/2020\/10\/A-Alma-do-Lazar-Jose-de-Alencar.pdf\" target=\"_blank\" rel=\"noreferrer noopener\">A Alma do L\u00e1zaro<\/a><\/li>\n\n\n\n<li><a href=\"https:\/\/www.netmundi.org\/home\/wp-content\/uploads\/2020\/11\/Cinco-Minutos-de-Jose-de-Alencar.pdf\" target=\"_blank\" rel=\"noreferrer noopener\">Cinco Minutos<\/a><\/li>\n\n\n\n<li><a href=\"https:\/\/www.netmundi.org\/home\/wp-content\/uploads\/2020\/11\/Luciola-de-Jose-de-Alencar.pdf\" target=\"_blank\" rel=\"noreferrer noopener\">Luc\u00edola<\/a><\/li>\n\n\n\n<li><a href=\"https:\/\/www.netmundi.org\/home\/wp-content\/uploads\/2020\/11\/A-Viuvinha-Jose-de-Alencar.pdf\" target=\"_blank\" rel=\"noreferrer noopener\">A Viuvinha<\/a><\/li>\n\n\n\n<li><a href=\"https:\/\/www.netmundi.org\/home\/wp-content\/uploads\/2020\/11\/ubirajara-por-Jose-de-Alencar.pdf\" target=\"_blank\" rel=\"noreferrer noopener\">Ubirajara<\/a><\/li>\n\n\n\n<li><a href=\"https:\/\/www.netmundi.org\/home\/wp-content\/uploads\/2020\/11\/Jose-de-Alencar-A-Pata-da-Gazela.pdf\" target=\"_blank\" rel=\"noreferrer noopener\">A Pata da Gazela<\/a><\/li>\n\n\n\n<li><a href=\"https:\/\/www.netmundi.org\/home\/wp-content\/uploads\/2020\/11\/Como-e-porque-sou-romancista.pdf\" target=\"_blank\" rel=\"noreferrer noopener\">Como e porque sou romancista<\/a><\/li>\n<\/ol>\n\n\n\n<h3 class=\"wp-block-heading\">Jos\u00e9 Saramago<\/h3>\n\n\n\n<ul class=\"wp-block-list\">\n<li><a href=\"https:\/\/www.netmundi.org\/home\/wp-content\/uploads\/2020\/10\/Jose-Saramago-Este-mundo-de-injustica-globalizada.pdf\" target=\"_blank\" rel=\"noreferrer noopener\">Este mundo de injusti\u00e7a globalizada<\/a><\/li>\n<\/ul>\n\n\n\n<h3 class=\"wp-block-heading\">Jos\u00e9 Ver\u00edssimo<\/h3>\n\n\n\n<ul class=\"wp-block-list\">\n<li><a href=\"https:\/\/www.netmundi.org\/home\/wp-content\/uploads\/2020\/11\/Historia-da-Literatura-Brasileira-por-Jose-Verissimo.pdf\" target=\"_blank\" rel=\"noreferrer noopener\">Hist\u00f3ria da Literatura Brasileira<\/a><\/li>\n<\/ul>\n\n\n\n<h3 class=\"wp-block-heading\">J\u00falio Ribeiro<\/h3>\n\n\n\n<ul class=\"wp-block-list\">\n<li><a href=\"https:\/\/www.netmundi.org\/home\/wp-content\/uploads\/2020\/11\/A-Carne-de-Julio-Ribeiro.pdf\" target=\"_blank\" rel=\"noreferrer noopener\">A Carne<\/a><\/li>\n<\/ul>\n\n\n\n<h3 class=\"wp-block-heading\">J\u00falio Verne<\/h3>\n\n\n\n<ol class=\"wp-block-list\">\n<li><a href=\"https:\/\/www.netmundi.org\/home\/wp-content\/uploads\/2020\/10\/A-volta-ao-mundo-em-80-dias-julio-verne.pdf\" target=\"_blank\" rel=\"noreferrer noopener\">A Volta ao Mundo em 80 dias (vers\u00e3o 1)<\/a><\/li>\n\n\n\n<li><a href=\"https:\/\/www.netmundi.org\/home\/wp-content\/uploads\/2020\/10\/A-volta-ao-mundo-em-80-dias-julio-verne-2.pdf\" target=\"_blank\" rel=\"noreferrer noopener\">A Volta ao Mundo em 80 dias (vers\u00e3o 2)<\/a><\/li>\n<\/ol>\n\n\n\n<h3 class=\"wp-block-heading\">Karl Marx<\/h3>\n\n\n\n<ol class=\"wp-block-list\">\n<li><a href=\"https:\/\/www.netmundi.org\/home\/wp-content\/uploads\/2020\/11\/Manifesto-do-partido-comunista-por-karl-marx.pdf\" target=\"_blank\" rel=\"noreferrer noopener\">Manifesto do Partido Comunista<\/a><\/li>\n\n\n\n<li><a href=\"https:\/\/www.netmundi.org\/home\/wp-content\/uploads\/2020\/11\/A-Ideologia-Alema-por-Karl-Marx.pdf\" target=\"_blank\" rel=\"noreferrer noopener\">A Ideologia Alem\u00e3<\/a><\/li>\n\n\n\n<li><a href=\"https:\/\/www.netmundi.org\/home\/wp-content\/uploads\/2020\/11\/A-Revolucao-na-China-e-na-Europa-por-Karl-Marx.pdf\" target=\"_blank\" rel=\"noreferrer noopener\">A Revolu\u00e7\u00e3o na China e na Europa<\/a><\/li>\n\n\n\n<li><a href=\"https:\/\/www.netmundi.org\/home\/wp-content\/uploads\/2020\/11\/O-Capital-Parte-I-Capitulo-1-A-Mercadoria-por-Karl-Marx.pdf\" target=\"_blank\" rel=\"noreferrer noopener\">O Capital &#8211; Parte I &#8211; Cap\u00edtulo 1: A Mercadoria<\/a><\/li>\n\n\n\n<li><a href=\"https:\/\/www.netmundi.org\/home\/wp-content\/uploads\/2020\/11\/O-Capital-Parte-III-Capitulo-7-Processo-de-Trabalho-e-Processo-de-Producao-de-Mais-Valia-por-Karl-Marx.pdf\" target=\"_blank\" rel=\"noreferrer noopener\">O Capital &#8211; Parte III &#8211; Cap\u00edtulo 7: Processo de Trabalho e Processo de Produ\u00e7\u00e3o de Mais-Valia<\/a><\/li>\n\n\n\n<li><a href=\"https:\/\/www.netmundi.org\/home\/wp-content\/uploads\/2020\/11\/O-Dezoito-de-Brumario-de-Louis-Bonaparte-por-Karl-Marx.pdf\" target=\"_blank\" rel=\"noreferrer noopener\">O Dezoito de Brum\u00e1rio de Louis Bonaparte<\/a><\/li>\n\n\n\n<li><a href=\"https:\/\/www.netmundi.org\/home\/wp-content\/uploads\/2020\/11\/O-Tratado-Persa-por-Karl-Marx.pdf\" target=\"_blank\" rel=\"noreferrer noopener\">O Tratado Persa<\/a><\/li>\n\n\n\n<li><a href=\"https:\/\/www.netmundi.org\/home\/wp-content\/uploads\/2020\/11\/Salario-preco-e-lucro-por-Karl-Marx.pdf\" target=\"_blank\" rel=\"noreferrer noopener\">Sal\u00e1rio, pre\u00e7o e lucro<\/a><\/li>\n\n\n\n<li><a href=\"https:\/\/www.netmundi.org\/home\/wp-content\/uploads\/2020\/11\/Sobre-a-Comuna-por-Karl-Marx.pdf\" target=\"_blank\" rel=\"noreferrer noopener\">Sobre a Comuna<\/a><\/li>\n\n\n\n<li><a href=\"https:\/\/www.netmundi.org\/home\/wp-content\/uploads\/2020\/11\/Teses-sobre-Feuerbach-por-Karl-Marx.pdf\" target=\"_blank\" rel=\"noreferrer noopener\">Teses sobre Feuerbach<\/a><\/li>\n\n\n\n<li><a href=\"https:\/\/www.netmundi.org\/home\/wp-content\/uploads\/2020\/11\/Uma-Contribuicao-para-a-Critica-da-Economia-Politica-or-Karl-Marx.pdf\" target=\"_blank\" rel=\"noreferrer noopener\">Uma Contribui\u00e7\u00e3o para a Cr\u00edtica da Economia Pol\u00edtica<\/a><\/li>\n\n\n\n<li><a href=\"https:\/\/www.netmundi.org\/home\/wp-content\/uploads\/2020\/11\/Manuscritos-Economicos-de-Karl-Marx-de-1861-a-1863.pdf\" target=\"_blank\" rel=\"noreferrer noopener\">Manuscritos Econ\u00f4micos de Marx de 1861 a 1863<\/a><\/li>\n\n\n\n<li><a href=\"https:\/\/www.netmundi.org\/home\/wp-content\/uploads\/2020\/11\/A-Dominacao-Britanica-na-India-por-Karl-Marx.pdf\" target=\"_blank\" rel=\"noreferrer noopener\">A Domina\u00e7\u00e3o Brit\u00e2nica na \u00cdndia<\/a><\/li>\n\n\n\n<li><a href=\"https:\/\/www.netmundi.org\/home\/wp-content\/uploads\/2020\/11\/Critica-da-Filosofia-do-Direito-de-Hegel-por-Karl-Marx.pdf\" target=\"_blank\" rel=\"noreferrer noopener\">Cr\u00edtica da Filosofia do Direito de Hegel<\/a><\/li>\n\n\n\n<li><a href=\"https:\/\/www.netmundi.org\/home\/wp-content\/uploads\/2020\/11\/Os-Resultados-da-Dominacao-Britanica-na-India.pdf\" target=\"_blank\" rel=\"noreferrer noopener\">Os Resultados da Domina\u00e7\u00e3o Brit\u00e2nica na \u00cdndia<\/a><\/li>\n\n\n\n<li><a href=\"https:\/\/www.netmundi.org\/home\/wp-content\/uploads\/2020\/11\/A-Companhia-das-Indias-Orientais-sua-historia-e-as-consequencias-de-sua-atividade-por-Karl-Marx.pdf\" target=\"_blank\" rel=\"noreferrer noopener\">A Companhia das \u00cdndias Orientais: sua hist\u00f3ria e as consequ\u00eancias de sua atividade<\/a><\/li>\n\n\n\n<li><a href=\"https:\/\/www.netmundi.org\/home\/wp-content\/uploads\/2020\/11\/A-Guerra-Contra-a-Persia-por-Karl-Marx.pdf\" target=\"_blank\" rel=\"noreferrer noopener\">A Guerra Contra a P\u00e9rsia<\/a><\/li>\n\n\n\n<li><a href=\"https:\/\/www.netmundi.org\/home\/wp-content\/uploads\/2020\/11\/A-Guerra-Anglo-Persa-por-Karl-Marx.pdf\" target=\"_blank\" rel=\"noreferrer noopener\">A Guerra Anglo-Persa<\/a><\/li>\n\n\n\n<li><a href=\"https:\/\/www.netmundi.org\/home\/wp-content\/uploads\/2020\/11\/Comentarios-Marginais-ao-Programa-do-Partido-Operario-Alemao-por-Karl-Marx.pdf\" target=\"_blank\" rel=\"noreferrer noopener\">Coment\u00e1rios marginais ao programa do Partido Oper\u00e1rio Alem\u00e3o<\/a><\/li>\n<\/ol>\n\n\n\n<h3 class=\"wp-block-heading\">Lima Barreto<\/h3>\n\n\n\n<ol class=\"wp-block-list\">\n<li><a href=\"https:\/\/www.netmundi.org\/home\/wp-content\/uploads\/2020\/11\/o-triste-fim-de-policarpo-quaresma-de-lima-barreto.pdf\" target=\"_blank\" rel=\"noreferrer noopener\">O triste fim de Policarpo Quaresma<\/a><\/li>\n\n\n\n<li><a href=\"https:\/\/www.netmundi.org\/home\/wp-content\/uploads\/2020\/11\/Diario-intimo-de-Lima-Barreto.pdf\" target=\"_blank\" rel=\"noreferrer noopener\">Di\u00e1rio \u00edntimo<\/a><\/li>\n\n\n\n<li><a href=\"https:\/\/www.netmundi.org\/home\/wp-content\/uploads\/2020\/11\/Contos-de-Lima-Barreto.pdf\" target=\"_blank\" rel=\"noreferrer noopener\">Contos de Lima Barreto<\/a><\/li>\n\n\n\n<li><a href=\"https:\/\/www.netmundi.org\/home\/wp-content\/uploads\/2020\/11\/O-Homem-que-Sabia-Javanes-e-Outros-Contos-por-Lima-Barreto.pdf\" target=\"_blank\" rel=\"noreferrer noopener\">O homem que sabia Javan\u00eas e outros contos<\/a><\/li>\n\n\n\n<li><a href=\"https:\/\/www.netmundi.org\/home\/wp-content\/uploads\/2020\/11\/A-Nova-California-por-Lima-Barreto.pdf\" target=\"_blank\" rel=\"noreferrer noopener\">A Nova Calif\u00f3rnia<\/a><\/li>\n<\/ol>\n\n\n\n<h3 class=\"wp-block-heading\">Lu\u00eds de Cam\u00f5es<\/h3>\n\n\n\n<ol class=\"wp-block-list\">\n<li><a href=\"https:\/\/www.netmundi.org\/home\/wp-content\/uploads\/2020\/10\/os-lusiadas.pdf\" target=\"_blank\" rel=\"noreferrer noopener\">Os Lus\u00edadas<\/a><\/li>\n\n\n\n<li><a href=\"https:\/\/www.netmundi.org\/home\/wp-content\/uploads\/2020\/10\/sonetos-luis-de-camoes.pdf\" target=\"_blank\" rel=\"noreferrer noopener\">Sonetos<\/a><\/li>\n\n\n\n<li><a href=\"https:\/\/www.netmundi.org\/home\/wp-content\/uploads\/2020\/11\/Sonetos-de-Luis-de-Camoes.pdf\" target=\"_blank\" rel=\"noreferrer noopener\">Sonetos <\/a>(<em>vers\u00e3o 2<\/em>)<\/li>\n\n\n\n<li><a href=\"https:\/\/www.netmundi.org\/home\/wp-content\/uploads\/2020\/11\/Cancoes-e-Elegias-por-Luis-de-Camoes.pdf\" target=\"_blank\" rel=\"noreferrer noopener\">Can\u00e7\u00f5es e Elegias<\/a><\/li>\n<\/ol>\n\n\n\n<h3 class=\"wp-block-heading\">Manuel Maria Barbosa du Bocage<\/h3>\n\n\n\n<ul class=\"wp-block-list\">\n<li><a href=\"https:\/\/www.netmundi.org\/home\/wp-content\/uploads\/2020\/11\/Sonetos-e-Outros-Poemas-de-Bocage.pdf\" target=\"_blank\" rel=\"noreferrer noopener\">Sonetos e Outros Poemas<\/a><\/li>\n<\/ul>\n\n\n\n<h3 class=\"wp-block-heading\">Machado de Assis<\/h3>\n\n\n\n<ol class=\"wp-block-list\">\n<li><a href=\"https:\/\/www.netmundi.org\/home\/wp-content\/uploads\/2020\/10\/dom-casmurro-machado-de-assis.pdf\" target=\"_blank\" rel=\"noreferrer noopener\">Dom Cascurro<\/a><\/li>\n\n\n\n<li><a href=\"https:\/\/www.netmundi.org\/home\/wp-content\/uploads\/2020\/10\/a-cartomante-de-machado-de-assis.pdf\" target=\"_blank\" rel=\"noreferrer noopener\">A Cartomante<\/a><\/li>\n\n\n\n<li><a href=\"https:\/\/www.netmundi.org\/home\/wp-content\/uploads\/2020\/10\/a-carteira-machado-de-assis.pdf\" target=\"_blank\" rel=\"noreferrer noopener\">A Carteira<\/a><\/li>\n\n\n\n<li><a href=\"https:\/\/www.netmundi.org\/home\/wp-content\/uploads\/2020\/10\/A-Igreja-do-diabo-mchado-de-assis.pdf\" target=\"_blank\" rel=\"noreferrer noopener\">A Igreja do Diabo<\/a><\/li>\n\n\n\n<li><a href=\"https:\/\/www.netmundi.org\/home\/wp-content\/uploads\/2020\/10\/memorias-postumas-de-braz-cubas.pdf\" target=\"_blank\" rel=\"noreferrer noopener\">Mem\u00f3rias P\u00f3stumas de Br\u00e1s Cubas<\/a><\/li>\n\n\n\n<li><a href=\"https:\/\/www.netmundi.org\/home\/wp-content\/uploads\/2020\/10\/a-mao-e-a-luva-machado-de-assis.pdf\" target=\"_blank\" rel=\"noreferrer noopener\">A M\u00e3o e a Luva<\/a><\/li>\n\n\n\n<li><a href=\"https:\/\/www.netmundi.org\/home\/wp-content\/uploads\/2020\/10\/a-causa-secreta-machado-de-assis.pdf\" target=\"_blank\" rel=\"noreferrer noopener\">A Causa Secreta<\/a><\/li>\n\n\n\n<li><a href=\"https:\/\/www.netmundi.org\/home\/wp-content\/uploads\/2020\/10\/a-ela-machado-de-assis.pdf\" target=\"_blank\" rel=\"noreferrer noopener\">A Ela<\/a><\/li>\n\n\n\n<li><a href=\"https:\/\/www.netmundi.org\/home\/wp-content\/uploads\/2020\/10\/Adao-e-Eva-Machado-de-Assis.pdf\" target=\"_blank\" rel=\"noreferrer noopener\">Ad\u00e3o e Eva<\/a><\/li>\n\n\n\n<li><a href=\"https:\/\/www.netmundi.org\/home\/wp-content\/uploads\/2020\/10\/A-Chinela-Turca-Machado-de-Assis.pdf\" target=\"_blank\" rel=\"noreferrer noopener\">A Chinela Turca<\/a><\/li>\n\n\n\n<li><a href=\"https:\/\/www.netmundi.org\/home\/wp-content\/uploads\/2020\/10\/o-alienista-machado-de-assis.pdf\" target=\"_blank\" rel=\"noreferrer noopener\">O Alienista<\/a><\/li>\n\n\n\n<li><a href=\"https:\/\/www.netmundi.org\/home\/wp-content\/uploads\/2020\/10\/A-Mulher-de-Preto-Machado-de-Assis.pdf\" target=\"_blank\" rel=\"noreferrer noopener\">A Mulher de Preto<\/a><\/li>\n\n\n\n<li><a href=\"https:\/\/www.netmundi.org\/home\/wp-content\/uploads\/2020\/10\/A-Pianista-Machado-de-Assis.pdf\" target=\"_blank\" rel=\"noreferrer noopener\">A Pianista<\/a><\/li>\n\n\n\n<li><a href=\"https:\/\/www.netmundi.org\/home\/wp-content\/uploads\/2020\/10\/A-Heranca-Machado-de-Assis.pdf\" target=\"_blank\" rel=\"noreferrer noopener\">A Heran\u00e7a<\/a><\/li>\n\n\n\n<li><a href=\"https:\/\/www.netmundi.org\/home\/wp-content\/uploads\/2020\/10\/A-Chave-de-Machado-de-Assis.pdf\" target=\"_blank\" rel=\"noreferrer noopener\">A Chave<\/a><\/li>\n\n\n\n<li><a href=\"https:\/\/www.netmundi.org\/home\/wp-content\/uploads\/2020\/10\/A-Desejada-das-Gentes-de-Machado-de-Assis.pdf\" target=\"_blank\" rel=\"noreferrer noopener\">A Desejada das Gentes<\/a><\/li>\n\n\n\n<li><a href=\"https:\/\/www.netmundi.org\/home\/wp-content\/uploads\/2020\/10\/QUINCAS-BORBA-Machado-de-Assis.pdf\" target=\"_blank\" rel=\"noreferrer noopener\">Quincas Borba<\/a><\/li>\n\n\n\n<li><a href=\"https:\/\/www.netmundi.org\/home\/wp-content\/uploads\/2020\/10\/A-Segunda-Vida-Machado-de-Assis.pdf\" target=\"_blank\" rel=\"noreferrer noopener\">A Segunda Vida<\/a><\/li>\n\n\n\n<li><a href=\"https:\/\/www.netmundi.org\/home\/wp-content\/uploads\/2020\/10\/A-Vida-Eterna-Machado-de-Assis.pdf\" target=\"_blank\" rel=\"noreferrer noopener\">A Vida Eterna<\/a><\/li>\n\n\n\n<li><a href=\"https:\/\/www.netmundi.org\/home\/wp-content\/uploads\/2020\/10\/Astucias-de-marido-Machado-de-Assis.pdf\" target=\"_blank\" rel=\"noreferrer noopener\">Ast\u00facias de Marido<\/a><\/li>\n\n\n\n<li><a href=\"https:\/\/www.netmundi.org\/home\/wp-content\/uploads\/2020\/10\/Aurora-sem-dia-Machado-de-Assis.pdf\" target=\"_blank\" rel=\"noreferrer noopener\">Aurora sem Dia<\/a><\/li>\n\n\n\n<li><a href=\"https:\/\/www.netmundi.org\/home\/wp-content\/uploads\/2020\/10\/Pai-contra-Mae-de-Machado-de-Assis.pdf\" target=\"_blank\" rel=\"noreferrer noopener\">Pai contra M\u00e3e<\/a><\/li>\n\n\n\n<li><a href=\"https:\/\/www.netmundi.org\/home\/wp-content\/uploads\/2020\/10\/Esau-e-Jaco-de-Machado-de-Assis.pdf\" target=\"_blank\" rel=\"noreferrer noopener\">Esa\u00fa e Jac\u00f3<\/a><\/li>\n\n\n\n<li><a href=\"https:\/\/www.netmundi.org\/home\/wp-content\/uploads\/2020\/10\/Antes-que-Cases-de-Machado-de-Assis.pdf\" target=\"_blank\" rel=\"noreferrer noopener\">Antes que cases<\/a><\/li>\n\n\n\n<li><a href=\"https:\/\/www.netmundi.org\/home\/wp-content\/uploads\/2020\/10\/A-Melhor-das-noivas-de-Machado-de-Assis.pdf\" target=\"_blank\" rel=\"noreferrer noopener\">A Melhor das Noivas<\/a><\/li>\n\n\n\n<li><a href=\"https:\/\/www.netmundi.org\/home\/wp-content\/uploads\/2020\/11\/Helena-Machado-de-Assis.pdf\" target=\"_blank\" rel=\"noreferrer noopener\">Helena<\/a><\/li>\n\n\n\n<li><a href=\"https:\/\/www.netmundi.org\/home\/wp-content\/uploads\/2020\/11\/A-Serenissima-Republica-Machado-de-Assis.pdf\" target=\"_blank\" rel=\"noreferrer noopener\">A Seren\u00edssima Rep\u00fablica<\/a><\/li>\n\n\n\n<li><a href=\"https:\/\/www.netmundi.org\/home\/wp-content\/uploads\/2020\/11\/Anedota-Pecuniaria-de-Machado-de-Assis.pdf\" target=\"_blank\" rel=\"noreferrer noopener\">Anedota Pecuni\u00e1ria<\/a><\/li>\n\n\n\n<li><a href=\"https:\/\/www.netmundi.org\/home\/wp-content\/uploads\/2020\/11\/A-Semana-de-Machado-de-Assis.pdf\" target=\"_blank\" rel=\"noreferrer noopener\">A Semana<\/a><\/li>\n\n\n\n<li><a href=\"https:\/\/www.netmundi.org\/home\/wp-content\/uploads\/2020\/11\/A-Viuva-Sobral-de-Machado-de-Assis.pdf\" target=\"_blank\" rel=\"noreferrer noopener\">A Vi\u00fava Sobral<\/a><\/li>\n\n\n\n<li><a href=\"https:\/\/www.netmundi.org\/home\/wp-content\/uploads\/2020\/11\/Papeis-avulsos-de-Machado-de-Assis.pdf\" target=\"_blank\" rel=\"noreferrer noopener\">Pap\u00e9is Avulsos<\/a><\/li>\n\n\n\n<li><a href=\"https:\/\/www.netmundi.org\/home\/wp-content\/uploads\/2020\/11\/Almas-agradecidas-de-Machado-de-Assis.pdf\" target=\"_blank\" rel=\"noreferrer noopener\">Almas Agradecidas<\/a><\/li>\n\n\n\n<li><a href=\"https:\/\/www.netmundi.org\/home\/wp-content\/uploads\/2020\/11\/Contos-Fluminenses-de-Machado-de-Assis.pdf\" target=\"_blank\" rel=\"noreferrer noopener\">Contos Fluminenses<\/a><\/li>\n\n\n\n<li><a href=\"https:\/\/www.netmundi.org\/home\/wp-content\/uploads\/2020\/11\/Balas-de-Estalo-de-Machado-e-Assis.pdf\" target=\"_blank\" rel=\"noreferrer noopener\">Balas de Estalo<\/a><\/li>\n\n\n\n<li><a href=\"https:\/\/www.netmundi.org\/home\/wp-content\/uploads\/2020\/11\/A-Senhora-do-Galvao-de-Machado-de-Assis.pdf\" target=\"_blank\" rel=\"noreferrer noopener\">A Senhora do Galv\u00e3o<\/a><\/li>\n\n\n\n<li><a href=\"https:\/\/www.netmundi.org\/home\/wp-content\/uploads\/2020\/11\/A-Inglezinha-Barcelos-de-Machado-de-Assis.pdf\" target=\"_blank\" rel=\"noreferrer noopener\">A Inglezinha Barcelos<\/a><\/li>\n\n\n\n<li><a href=\"https:\/\/www.netmundi.org\/home\/wp-content\/uploads\/2020\/11\/A-Parasita-Azul-Machado-de-Assis.pdf\" target=\"_blank\" rel=\"noreferrer noopener\">A Parasita Azul<\/a><\/li>\n\n\n\n<li><a href=\"https:\/\/www.netmundi.org\/home\/wp-content\/uploads\/2020\/11\/Missa-do-Galo-de-Machado-de-Assis.pdf\" target=\"_blank\" rel=\"noreferrer noopener\">Missa do Galo<\/a><\/li>\n\n\n\n<li><a href=\"https:\/\/www.netmundi.org\/home\/wp-content\/uploads\/2020\/11\/O-Espelho-de-Machado-de-Assis-1.pdf\" target=\"_blank\" rel=\"noreferrer noopener\">O Espelho<\/a><\/li>\n\n\n\n<li><a href=\"https:\/\/www.netmundi.org\/home\/wp-content\/uploads\/2020\/11\/As-Academias-de-Siao-de-Machado-de-Assis.pdf\" target=\"_blank\" rel=\"noreferrer noopener\">As Academias de Si\u00e3o<\/a><\/li>\n\n\n\n<li><a href=\"https:\/\/www.netmundi.org\/home\/wp-content\/uploads\/2020\/11\/Antes-da-Missa-de-Machado-de-Assis.pdf\" target=\"_blank\" rel=\"noreferrer noopener\">Antes da Missa<\/a><\/li>\n\n\n\n<li><a href=\"https:\/\/www.netmundi.org\/home\/wp-content\/uploads\/2020\/11\/A-Mulher-palida-de-Machado-de-Assis.pdf\" target=\"_blank\" rel=\"noreferrer noopener\">A Mulher P\u00e1lida<\/a><\/li>\n\n\n\n<li><a href=\"https:\/\/www.netmundi.org\/home\/wp-content\/uploads\/2020\/11\/Americanas-de-Machado-de-Assis.pdf\" target=\"_blank\" rel=\"noreferrer noopener\">Americanas<\/a><\/li>\n\n\n\n<li><a href=\"https:\/\/www.netmundi.org\/home\/wp-content\/uploads\/2020\/11\/Conto-de-Escola-de-Machado-de-Assis.pdf\" target=\"_blank\" rel=\"noreferrer noopener\">Conto de Escola<\/a><\/li>\n\n\n\n<li><a href=\"https:\/\/www.netmundi.org\/home\/wp-content\/uploads\/2020\/11\/Memorial-de-Aires-de-Machado-de-Assis.pdf\" target=\"_blank\" rel=\"noreferrer noopener\">Memorial de Aires<\/a><\/li>\n\n\n\n<li><a href=\"https:\/\/www.netmundi.org\/home\/wp-content\/uploads\/2020\/11\/A-Ultima-receita-de-Machado-de-Assis.pdf\" target=\"_blank\" rel=\"noreferrer noopener\">A \u00daltima Receita<\/a><\/li>\n\n\n\n<li><a href=\"https:\/\/www.netmundi.org\/home\/wp-content\/uploads\/2020\/11\/A-Magoa-do-infeliz-Cosme-POR-Machado-de-Assis.pdf\" target=\"_blank\" rel=\"noreferrer noopener\">A M\u00e1goa do Infeliz Cosme<\/a><\/li>\n\n\n\n<li><a href=\"https:\/\/www.netmundi.org\/home\/wp-content\/uploads\/2020\/11\/Confissoes-de-Uma-Viuva-por-Machado-de-Assis.pdf\" target=\"_blank\" rel=\"noreferrer noopener\">Confiss\u00f5es de uma Vi\u00fava<\/a><\/li>\n\n\n\n<li><a href=\"https:\/\/www.netmundi.org\/home\/wp-content\/uploads\/2020\/11\/As-Bodas-de-Luis-Duarte-por-Machado-de-Assis.pdf\" target=\"_blank\" rel=\"noreferrer noopener\">As Bodas de Lu\u00eds Duarte<\/a><\/li>\n\n\n\n<li><a href=\"https:\/\/www.netmundi.org\/home\/wp-content\/uploads\/2020\/11\/Cinco-mulheres-por-Machado-de-Assis.pdf\" target=\"_blank\" rel=\"noreferrer noopener\">Cinco Mulheres<\/a><\/li>\n\n\n\n<li><a href=\"https:\/\/www.netmundi.org\/home\/wp-content\/uploads\/2020\/11\/O-Dicionario-por-Machado-de-Assis.pdf\" target=\"_blank\" rel=\"noreferrer noopener\">O Dicion\u00e1rio<\/a><\/li>\n\n\n\n<li><a href=\"https:\/\/www.netmundi.org\/home\/wp-content\/uploads\/2020\/11\/Ayres-e-Vergueiro-por-Machado-de-Assis.pdf\" target=\"_blank\" rel=\"noreferrer noopener\">Ayres e Vergueiro<\/a><\/li>\n\n\n\n<li><a href=\"https:\/\/www.netmundi.org\/home\/wp-content\/uploads\/2020\/11\/Casa-Velha-de-Machado-de-Assis.pdf\" target=\"_blank\" rel=\"noreferrer noopener\">Casa Velha<\/a><\/li>\n\n\n\n<li><a href=\"https:\/\/www.netmundi.org\/home\/wp-content\/uploads\/2020\/11\/O-Enfermeiro-por-Machado-de-Assis.pdf\" target=\"_blank\" rel=\"noreferrer noopener\">O Enfermeiro<\/a><\/li>\n\n\n\n<li><a href=\"https:\/\/www.netmundi.org\/home\/wp-content\/uploads\/2020\/11\/Noite-de-Almirante-de-Machado-de-Assis.pdf\" target=\"_blank\" rel=\"noreferrer noopener\">Noite de Almirante<\/a><\/li>\n\n\n\n<li><a href=\"https:\/\/www.netmundi.org\/home\/wp-content\/uploads\/2020\/11\/Varias-Historias-por-Machado-de-Assis.pdf\" target=\"_blank\" rel=\"noreferrer noopener\">V\u00e1rias Hist\u00f3rias<\/a><\/li>\n\n\n\n<li><a href=\"https:\/\/www.netmundi.org\/home\/wp-content\/uploads\/2020\/11\/Bons-Dias-por-Machado-de-Assis.pdf\" target=\"_blank\" rel=\"noreferrer noopener\">Bons Dias<\/a><\/li>\n\n\n\n<li><a href=\"https:\/\/www.netmundi.org\/home\/wp-content\/uploads\/2020\/11\/As-Forcas-Caudinas-por-Machado-de-Assis.pdf\" target=\"_blank\" rel=\"noreferrer noopener\">As For\u00e7as Caudinas<\/a><\/li>\n\n\n\n<li><a href=\"https:\/\/www.netmundi.org\/home\/wp-content\/uploads\/2020\/11\/Uns-Bracos-por-Machado-de-Assis.pdf\" target=\"_blank\" rel=\"noreferrer noopener\">Uns Bra\u00e7os<\/a><\/li>\n\n\n\n<li><a href=\"https:\/\/www.netmundi.org\/home\/wp-content\/uploads\/2020\/11\/Antes-a-rocha-Tarpeia-por-Machado-de-Assis.pdf\" target=\"_blank\" rel=\"noreferrer noopener\">Antes a rocha Tarp\u00e9ia<\/a><\/li>\n\n\n\n<li><a href=\"https:\/\/www.netmundi.org\/home\/wp-content\/uploads\/2020\/11\/Historias-da-Meia-Noite-por-Machado-de-Assis.pdf\" target=\"_blank\" rel=\"noreferrer noopener\">Hist\u00f3rias da Meia Noite<\/a><\/li>\n<\/ol>\n\n\n\n<h3 class=\"wp-block-heading\">Manuel Ant\u00f4nio de Almeida<\/h3>\n\n\n\n<ul class=\"wp-block-list\">\n<li><a href=\"https:\/\/www.netmundi.org\/home\/wp-content\/uploads\/2020\/11\/Memorias-de-um-Sargento-de-Milicias-de-Manuel-Antonio-de-Almeida.pdf\" target=\"_blank\" rel=\"noreferrer noopener\">Mem\u00f3rias de um Sargento de Mil\u00edcias<\/a><\/li>\n<\/ul>\n\n\n\n<h3 class=\"wp-block-heading\">M\u00e1rio de S\u00e1-Carneiro<\/h3>\n\n\n\n<ul class=\"wp-block-list\">\n<li><a href=\"https:\/\/www.netmundi.org\/home\/wp-content\/uploads\/2020\/11\/A-Confissao-de-Lucio-por-Mario-de-Sa-Carneiro.pdf\" target=\"_blank\" rel=\"noreferrer noopener\">A Confiss\u00e3o de L\u00facio<\/a><\/li>\n<\/ul>\n\n\n\n<h3 class=\"wp-block-heading\">Marcus Tullius Cicero<\/h3>\n\n\n\n<ol class=\"wp-block-list\">\n<li><a href=\"https:\/\/www.netmundi.org\/home\/wp-content\/uploads\/2020\/11\/Dialogo-sobre-a-amizade-de-Marcus-Tullius-Cicero.pdf\" target=\"_blank\" rel=\"noreferrer noopener\">Di\u00e1logo sobre a Amizade<\/a><\/li>\n\n\n\n<li><a href=\"https:\/\/www.netmundi.org\/home\/wp-content\/uploads\/2020\/11\/Da-Republica-de-Marco-Tulio-Cicero.pdf\" target=\"_blank\" rel=\"noreferrer noopener\">Da Rep\u00fablica<\/a><\/li>\n<\/ol>\n\n\n\n<h3 class=\"wp-block-heading\">Matias Aires<\/h3>\n\n\n\n<ul class=\"wp-block-list\">\n<li><a href=\"https:\/\/www.netmundi.org\/home\/wp-content\/uploads\/2020\/11\/Reflexoes-sobre-a-vaidade-dos-homens-por-Matias-Aires.pdf\" target=\"_blank\" rel=\"noreferrer noopener\">Reflex\u00f5es sobre a vaidade dos homens<\/a><\/li>\n<\/ul>\n\n\n\n<h3 class=\"wp-block-heading\">Miguel de Cervantes<\/h3>\n\n\n\n<ol class=\"wp-block-list\">\n<li><a href=\"https:\/\/www.netmundi.org\/home\/wp-content\/uploads\/2020\/10\/Dom-Quixote-Miguel-de-Cervantes.pdf\" target=\"_blank\" rel=\"noreferrer noopener\">Dom Quixote<\/a> <em>Volume 1<\/em><\/li>\n\n\n\n<li><a href=\"https:\/\/www.netmundi.org\/home\/wp-content\/uploads\/2020\/11\/Dom-Quixote-volume-2-Miguel-de-Cervantes.pdf\" target=\"_blank\" rel=\"noreferrer noopener\">Dom Quixote<\/a> <em>Volume 2<\/em><\/li>\n<\/ol>\n\n\n\n<h3 class=\"wp-block-heading\">Nicolau Maquiavel<\/h3>\n\n\n\n<ul class=\"wp-block-list\">\n<li><a href=\"https:\/\/www.netmundi.org\/home\/wp-content\/uploads\/2020\/11\/O-Principe-de-Nicolau-Maquiavel.pdf\" target=\"_blank\" rel=\"noreferrer noopener\">O Pr\u00edncipe<\/a><\/li>\n<\/ul>\n\n\n\n<h3 class=\"wp-block-heading\">Olavo Bilac<\/h3>\n\n\n\n<ol class=\"wp-block-list\">\n<li><a href=\"https:\/\/www.netmundi.org\/home\/wp-content\/uploads\/2020\/11\/Alma-Inquieta-de-Olavo-Bilac.pdf\" target=\"_blank\" rel=\"noreferrer noopener\">Alma Inquieta<\/a><\/li>\n\n\n\n<li><a href=\"https:\/\/www.netmundi.org\/home\/wp-content\/uploads\/2020\/11\/As-Viagens-por-Olavo-Bilac.pdf\" target=\"_blank\" rel=\"noreferrer noopener\">As Viagens<\/a><\/li>\n\n\n\n<li><a href=\"https:\/\/www.netmundi.org\/home\/wp-content\/uploads\/2020\/11\/Contos-para-Velhos-por-Olavo-Bilac.pdf\" target=\"_blank\" rel=\"noreferrer noopener\">Contos para Velhos<\/a><\/li>\n\n\n\n<li><a href=\"https:\/\/www.netmundi.org\/home\/wp-content\/uploads\/2020\/11\/Hino-a-Bandeira-Nacional-por-Olavo-Bilac.pdf\" target=\"_blank\" rel=\"noreferrer noopener\">Hino \u00e0 Bandeira Nacional<\/a><\/li>\n\n\n\n<li><a href=\"https:\/\/www.netmundi.org\/home\/wp-content\/uploads\/2020\/11\/O-Cacador-de-Esmeraldas-por-Olavo-Bilac.pdf\" target=\"_blank\" rel=\"noreferrer noopener\">O Ca\u00e7ador de Esmeraldas<\/a><\/li>\n\n\n\n<li><a href=\"https:\/\/www.netmundi.org\/home\/wp-content\/uploads\/2020\/11\/Panoplias-por-Olavo-Bilac.pdf\" target=\"_blank\" rel=\"noreferrer noopener\">Pan\u00f3plias<\/a><\/li>\n\n\n\n<li><a href=\"https:\/\/www.netmundi.org\/home\/wp-content\/uploads\/2020\/11\/Profissao-de-Fe-por-Olavo-Bilac.pdf\" target=\"_blank\" rel=\"noreferrer noopener\">Profiss\u00e3o de F\u00e9<\/a><\/li>\n\n\n\n<li><a href=\"https:\/\/www.netmundi.org\/home\/wp-content\/uploads\/2020\/11\/Sarcas-de-Fogo-de-Olavo-Bilac.pdf\" target=\"_blank\" rel=\"noreferrer noopener\">Sar\u00e7as de Fogo<\/a><\/li>\n\n\n\n<li><a href=\"https:\/\/www.netmundi.org\/home\/wp-content\/uploads\/2020\/11\/Tarde-de-Olavo-Bilac.pdf\" target=\"_blank\" rel=\"noreferrer noopener\">Tarde<\/a><\/li>\n\n\n\n<li><a href=\"https:\/\/www.netmundi.org\/home\/wp-content\/uploads\/2020\/11\/Via-Lactea-por-Olavo-Bilac.pdf\" target=\"_blank\" rel=\"noreferrer noopener\">Via-L\u00e1ctea<\/a><\/li>\n<\/ol>\n\n\n\n<h3 class=\"wp-block-heading\">Organiza\u00e7\u00e3o das Na\u00e7\u00f5es Unidas (ONU)<\/h3>\n\n\n\n<ol class=\"wp-block-list\">\n<li><a href=\"https:\/\/www.netmundi.org\/home\/wp-content\/uploads\/2020\/12\/Declaracao-universal-dos-direitos-humanos-ONU.pdf\" target=\"_blank\" rel=\"noreferrer noopener\">Declara\u00e7\u00e3o Universal dos Direitos Humanos de 1948<\/a><\/li>\n<\/ol>\n\n\n\n<h3 class=\"wp-block-heading\">Oscar Wilde<\/h3>\n\n\n\n<ul class=\"wp-block-list\">\n<li><a href=\"https:\/\/www.netmundi.org\/home\/wp-content\/uploads\/2020\/10\/a-esfinge-sem-segredos-oscar-wilde.pdf\" target=\"_blank\" rel=\"noreferrer noopener\">A Esfinge sem Segredos<\/a><\/li>\n<\/ul>\n\n\n\n<h3 class=\"wp-block-heading\">Padre Ant\u00f4nio Vieira<\/h3>\n\n\n\n<ol class=\"wp-block-list\">\n<li><a href=\"https:\/\/www.netmundi.org\/home\/wp-content\/uploads\/2020\/11\/Sermao-da-Sexagesima-de-Padre-Antonio-Vieira.pdf\" target=\"_blank\" rel=\"noreferrer noopener\">Serm\u00e3o da Sexag\u00e9sima<\/a><\/li>\n\n\n\n<li><a href=\"https:\/\/www.netmundi.org\/home\/wp-content\/uploads\/2020\/11\/Sermao-da-Quinta-Dominga-da-Quaresma-de-Padre-Antonio-Vieira.pdf\" target=\"_blank\" rel=\"noreferrer noopener\">Serm\u00e3o da Quinta Dominga da Quaresma<\/a><\/li>\n\n\n\n<li><a href=\"https:\/\/www.netmundi.org\/home\/wp-content\/uploads\/2020\/11\/Sermao-pelo-bom-sucesso-das-armas-de-Portugal-contra-as-de-Holanda-de-Padre-Antonio.pdf\" target=\"_blank\" rel=\"noreferrer noopener\">Serm\u00e3o pelo bom sucesso das armas de Portugal contra as de Holanda<\/a><\/li>\n\n\n\n<li><a href=\"https:\/\/www.netmundi.org\/home\/wp-content\/uploads\/2020\/11\/Sermao-do-Bom-Ladrao-por-Padre-Antonio-Vieira.pdf\" target=\"_blank\" rel=\"noreferrer noopener\">Serm\u00e3o do Bom Ladr\u00e3o<\/a><\/li>\n\n\n\n<li><a href=\"https:\/\/www.netmundi.org\/home\/wp-content\/uploads\/2020\/11\/Sermao-de-Santo-Antonio-aos-Peixes-por-Padre-Antonio-Vieira.pdf\" target=\"_blank\" rel=\"noreferrer noopener\">Serm\u00e3o de Santo Ant\u00f4nio aos Peixes<\/a><\/li>\n\n\n\n<li><a href=\"https:\/\/www.netmundi.org\/home\/wp-content\/uploads\/2020\/11\/Sermao-da-Gloria-de-Maria-Mae-de-Deus-por-Padre-Antonio-Vieira.pdf\" target=\"_blank\" rel=\"noreferrer noopener\">Serm\u00e3o da Gl\u00f3ria de Maria, M\u00e3e de Deus<\/a><\/li>\n<\/ol>\n\n\n\n<h3 class=\"wp-block-heading\">Pero Vaz de Caminha<\/h3>\n\n\n\n<ul class=\"wp-block-list\">\n<li><a href=\"https:\/\/www.netmundi.org\/home\/wp-content\/uploads\/2020\/10\/carta-pero-vaz-de-caminha.pdf\" target=\"_blank\" rel=\"noreferrer noopener\">Carta sobre o descobrimento do Brasil<\/a><\/li>\n<\/ul>\n\n\n\n<h3 class=\"wp-block-heading\">Plat\u00e3o<\/h3>\n\n\n\n<ol class=\"wp-block-list\">\n<li><a href=\"https:\/\/www.netmundi.org\/home\/wp-content\/uploads\/2020\/10\/Apologia-de-Socrates-de-Platao.pdf\" target=\"_blank\" rel=\"noreferrer noopener\">Apologia de S\u00f3crates<\/a><\/li>\n\n\n\n<li><a href=\"https:\/\/www.netmundi.org\/home\/wp-content\/uploads\/2020\/11\/Criton-ou-o-Dever-de-Paltao.pdf\" target=\"_blank\" rel=\"noreferrer noopener\">Cr\u00edton ou o dever<\/a><\/li>\n\n\n\n<li><a href=\"https:\/\/www.netmundi.org\/home\/wp-content\/uploads\/2020\/11\/Gorgias-a-retorica-de-Platao.pdf\" target=\"_blank\" rel=\"noreferrer noopener\">G\u00f3rgias<\/a><\/li>\n\n\n\n<li><a href=\"https:\/\/www.netmundi.org\/home\/wp-content\/uploads\/2020\/11\/O-Banquete-sobre-o-amor-e-o-belo-de-Platao.pdf\" target=\"_blank\" rel=\"noreferrer noopener\">O Banquete<\/a><\/li>\n\n\n\n<li><a href=\"https:\/\/www.netmundi.org\/home\/wp-content\/uploads\/2020\/11\/O-SOFISTA-DE-PLATAO.pdf\" target=\"_blank\" rel=\"noreferrer noopener\">O Sofista<\/a><\/li>\n\n\n\n<li><a href=\"https:\/\/www.netmundi.org\/home\/wp-content\/uploads\/2020\/11\/parmenides-de-Platao.pdf\" target=\"_blank\" rel=\"noreferrer noopener\">Parm\u00eanides<\/a><\/li>\n\n\n\n<li><a href=\"https:\/\/www.netmundi.org\/home\/wp-content\/uploads\/2020\/11\/TEETETO-de-Platao.pdf\" target=\"_blank\" rel=\"noreferrer noopener\">Teeteto<\/a><\/li>\n\n\n\n<li><a href=\"https:\/\/www.netmundi.org\/home\/wp-content\/uploads\/2020\/11\/O-Mito-da-Caverna-trecho-do-A-Republica-de-Platao.pdf\" target=\"_blank\" rel=\"noreferrer noopener\">O Mito da Caverna<\/a> (trecho da obra <em>A Rep\u00fablica<\/em>)<\/li>\n\n\n\n<li><a href=\"https:\/\/www.netmundi.org\/home\/wp-content\/uploads\/2020\/11\/Fedao-de-Platao.pdf\" target=\"_blank\" rel=\"noreferrer noopener\">Fed\u00e3o<\/a><\/li>\n\n\n\n<li><a href=\"https:\/\/www.netmundi.org\/home\/wp-content\/uploads\/2020\/11\/Filebo-de-Platao.pdf\" target=\"_blank\" rel=\"noreferrer noopener\">Filebo<\/a><\/li>\n<\/ol>\n\n\n\n<h3 class=\"wp-block-heading\">Plutarco<\/h3>\n\n\n\n<ul class=\"wp-block-list\">\n<li><a href=\"https:\/\/www.netmundi.org\/home\/wp-content\/uploads\/2020\/11\/Cicero-por-Plutarco.pdf\" target=\"_blank\" rel=\"noreferrer noopener\">C\u00edcero<\/a><\/li>\n<\/ul>\n\n\n\n<h3 class=\"wp-block-heading\">Raul Pomp\u00e9ia<\/h3>\n\n\n\n<ol class=\"wp-block-list\">\n<li><a href=\"https:\/\/www.netmundi.org\/home\/wp-content\/uploads\/2020\/11\/O-Ateneu-de-Raul-Pompeia.pdf\" target=\"_blank\" rel=\"noreferrer noopener\">O Ateneu<\/a><\/li>\n\n\n\n<li><a href=\"https:\/\/www.netmundi.org\/home\/wp-content\/uploads\/2020\/10\/14-de-Juho-na-Roca-Raul-Pompeia.pdf\" target=\"_blank\" rel=\"noreferrer noopener\">14 de Julho na Ro\u00e7a<\/a><\/li>\n<\/ol>\n\n\n\n<h3 class=\"wp-block-heading\">Ren\u00e9 Descartes<\/h3>\n\n\n\n<ol class=\"wp-block-list\">\n<li><a href=\"https:\/\/www.netmundi.org\/home\/wp-content\/uploads\/2020\/11\/Discurso-do-Metodo-de-Rene-Descartes-v2.pdf\" target=\"_blank\" rel=\"noreferrer noopener\">Discurso do M\u00e9todo<\/a> (<em>vers\u00e3o<\/em> 1)<\/li>\n\n\n\n<li><a href=\"https:\/\/www.netmundi.org\/home\/wp-content\/uploads\/2020\/11\/Discurso-do-Metodo-de-Rene-Descartes.pdf\" target=\"_blank\" rel=\"noreferrer noopener\">Discurso do M\u00e9todo<\/a> (<em>vers\u00e3o <\/em>2)<\/li>\n<\/ol>\n\n\n\n<h3 class=\"wp-block-heading\">Rui Barbosa<\/h3>\n\n\n\n<ul class=\"wp-block-list\">\n<li><a href=\"https:\/\/www.netmundi.org\/home\/wp-content\/uploads\/2020\/10\/Obras-Seletas-de-Rui-Barbosa.pdf\" target=\"_blank\" rel=\"noreferrer noopener\">Obras Seletas<\/a><\/li>\n<\/ul>\n\n\n\n<h3 class=\"wp-block-heading\">Safo<\/h3>\n\n\n\n<ul class=\"wp-block-list\">\n<li><a href=\"https:\/\/www.netmundi.org\/home\/wp-content\/uploads\/2020\/11\/Poemas-de-Safo.pdf\" target=\"_blank\" rel=\"noreferrer noopener\">Poemas<\/a><\/li>\n<\/ul>\n\n\n\n<h2 class=\"wp-block-heading\">S\u00eaneca<\/h2>\n\n\n\n<ul class=\"wp-block-list\">\n<li><a href=\"https:\/\/www.netmundi.org\/home\/wp-content\/uploads\/2020\/11\/Seneca-Sobre-a-Brevidade-da-Vida.pdf\" target=\"_blank\" rel=\"noreferrer noopener\">Sobre a Brevidade da Vida<\/a><\/li>\n<\/ul>\n\n\n\n<h3 class=\"wp-block-heading\">Silvio Romero<\/h3>\n\n\n\n<ul class=\"wp-block-list\">\n<li><a href=\"https:\/\/www.netmundi.org\/home\/wp-content\/uploads\/2020\/11\/Historia-da-literatura-brasileira-silvio-romero.pdf\" target=\"_blank\" rel=\"noreferrer noopener\">Hist\u00f3ria da Literatura Brasileira<\/a><\/li>\n<\/ul>\n\n\n\n<h3 class=\"wp-block-heading\">S\u00f3focles<\/h3>\n\n\n\n<ul class=\"wp-block-list\">\n<li><a href=\"https:\/\/www.netmundi.org\/home\/wp-content\/uploads\/2020\/10\/Edipo-Rei-Sofocles.pdf\" target=\"_blank\" rel=\"noreferrer noopener\">\u00c9dipo Rei<\/a><\/li>\n<\/ul>\n\n\n\n<h3 class=\"wp-block-heading\">Sun Tzu<\/h3>\n\n\n\n<ol class=\"wp-block-list\">\n<li><a href=\"https:\/\/www.netmundi.org\/home\/wp-content\/uploads\/2020\/11\/A-Arte-da-Guerra-de-Sun-Tzu.pdf\" target=\"_blank\" rel=\"noreferrer noopener\">A Arte da Guerra<\/a> (<em>vers\u00e3o 1<\/em>)<\/li>\n\n\n\n<li><a href=\"https:\/\/www.netmundi.org\/home\/wp-content\/uploads\/2020\/11\/A-Arte-da-Guerra-de-Sun-Tzu-versao-2.pdf\" target=\"_blank\" rel=\"noreferrer noopener\">A Arte da Guerra<\/a> (<em>vers\u00e3o 2<\/em>)<\/li>\n<\/ol>\n\n\n\n<h3 class=\"wp-block-heading\">Theodor Adorno<\/h3>\n\n\n\n<ul class=\"wp-block-list\">\n<li><a href=\"https:\/\/www.netmundi.org\/home\/wp-content\/uploads\/2014\/04\/Adorno-e-Horkheimer-A-ind%C3%BAstria-cultural.pdf\" target=\"_blank\" rel=\"noreferrer noopener\">A Ind\u00fastria Cultural (Dial\u00e9tica do Esclarecimento)<\/a><\/li>\n<\/ul>\n\n\n\n<h3 class=\"wp-block-heading\">Thomas Mann<\/h3>\n\n\n\n<ul class=\"wp-block-list\">\n<li><a href=\"https:\/\/www.netmundi.org\/home\/wp-content\/uploads\/2020\/11\/Schopenhauer-de-Thomas-Mann.pdf\" target=\"_blank\" rel=\"noreferrer noopener\">Schopenhauer<\/a><\/li>\n<\/ul>\n\n\n\n<h3 class=\"wp-block-heading\">Thomas Morus<\/h3>\n\n\n\n<ul class=\"wp-block-list\">\n<li><a href=\"https:\/\/www.netmundi.org\/home\/wp-content\/uploads\/2020\/11\/Utopia-de-Thomas-Morus.pdf\" target=\"_blank\" rel=\"noreferrer noopener\">Utopia<\/a><\/li>\n<\/ul>\n\n\n\n<h3 class=\"wp-block-heading\">Tom\u00e1s Ant\u00f4nio Gonzaga<\/h3>\n\n\n\n<ol class=\"wp-block-list\">\n<li><a href=\"https:\/\/www.netmundi.org\/home\/wp-content\/uploads\/2020\/11\/Marilia-de-Dirceu-Tomaz-Antonio-Gonzaga.pdf\" target=\"_blank\" rel=\"noreferrer noopener\">Mar\u00edlia de Dirceu<\/a><\/li>\n\n\n\n<li><a href=\"https:\/\/www.netmundi.org\/home\/wp-content\/uploads\/2020\/11\/Cartas-Chilenas-por-Tomaz-Antonio-Gonzaga.pdf\" target=\"_blank\" rel=\"noreferrer noopener\">Cartas Chilenas<\/a><\/li>\n<\/ol>\n\n\n\n<h3 class=\"wp-block-heading\">Tommaso Campanella<\/h3>\n\n\n\n<ol class=\"wp-block-list\">\n<li><a href=\"https:\/\/www.netmundi.org\/home\/wp-content\/uploads\/2020\/11\/A-Cidade-do-Sol-de-Tommaso-Campanella.pdf\" target=\"_blank\" rel=\"noreferrer noopener\">A Cidade do Sol<\/a> (<em>vers\u00e3o 1<\/em>)<\/li>\n\n\n\n<li><a href=\"https:\/\/www.netmundi.org\/home\/wp-content\/uploads\/2020\/11\/A-Cidade-do-Sol-de-Tommaso-Campanella-2.pdf\" target=\"_blank\" rel=\"noreferrer noopener\">A Cidade do Sol<\/a> (<em>vers\u00e3o 2<\/em>)<\/li>\n\n\n\n<li><a href=\"https:\/\/www.netmundi.org\/home\/wp-content\/uploads\/2020\/11\/A-Cidade-do-Sol-de-Tommaso-Campanella-3.pdf\" target=\"_blank\" rel=\"noreferrer noopener\">A Cidade do Sol<\/a> (<em>vers\u00e3o 3<\/em>)<\/li>\n<\/ol>\n\n\n\n<h3 class=\"wp-block-heading\">Voltaire<\/h3>\n\n\n\n<ol class=\"wp-block-list\">\n<li><a href=\"https:\/\/www.netmundi.org\/home\/wp-content\/uploads\/2020\/11\/A-Princesa-da-Babilonia-Voltaire.pdf\" target=\"_blank\" rel=\"noreferrer noopener\">A Princesa da Babil\u00f4nia<\/a><\/li>\n\n\n\n<li><a href=\"https:\/\/www.netmundi.org\/home\/wp-content\/uploads\/2020\/11\/Dicionario-Filosofico-Voltaire.pdf\" target=\"_blank\" rel=\"noreferrer noopener\">Dicion\u00e1rio Filos\u00f3fico<\/a><\/li>\n\n\n\n<li><a href=\"https:\/\/www.netmundi.org\/home\/wp-content\/uploads\/2020\/11\/Candido-ou-o-Otimismo-de-Voltaire.pdf\" target=\"_blank\" rel=\"noreferrer noopener\">C\u00e2ndido, ou o Otimismo<\/a> <em>vers\u00e3o 1<\/em><\/li>\n\n\n\n<li><a href=\"https:\/\/www.netmundi.org\/home\/wp-content\/uploads\/2020\/11\/Candido-ou-o-Otimismo-de-Voltaire-versao-2.pdf\" target=\"_blank\" rel=\"noreferrer noopener\">C\u00e2ndido, ou o Otimismo<\/a> <em>vers\u00e3o <\/em>2<\/li>\n\n\n\n<li><a href=\"https:\/\/www.netmundi.org\/home\/wp-content\/uploads\/2020\/11\/Alma-de-Voltaire.pdf\" target=\"_blank\" rel=\"noreferrer noopener\">Alma<\/a><\/li>\n<\/ol>\n\n\n\n<h3 class=\"wp-block-heading\">William Shakespeare<\/h3>\n\n\n\n<ol class=\"wp-block-list\">\n<li><a href=\"https:\/\/www.netmundi.org\/home\/wp-content\/uploads\/2020\/10\/MACBETH-Willian-Shakespeare.pdf\" target=\"_blank\" rel=\"noreferrer noopener\">Macbeth<\/a><\/li>\n\n\n\n<li><a href=\"https:\/\/www.netmundi.org\/home\/wp-content\/uploads\/2020\/10\/william-shakespeare-a-tempestade.pdf\" target=\"_blank\" rel=\"noreferrer noopener\">A Tempestade<\/a><\/li>\n\n\n\n<li><a href=\"https:\/\/www.netmundi.org\/home\/wp-content\/uploads\/2020\/10\/o-mercador-de-veneza-william-shakespeare.pdf\" target=\"_blank\" rel=\"noreferrer noopener\">O Mercador de Veneza<\/a><\/li>\n\n\n\n<li><a href=\"https:\/\/www.netmundi.org\/home\/wp-content\/uploads\/2020\/10\/trabalhos-de-amor-perdidos-wiliam-shakespeare.pdf\" target=\"_blank\" rel=\"noreferrer noopener\">Trabalhos de Amor Perdidos<\/a><\/li>\n\n\n\n<li><a href=\"https:\/\/www.netmundi.org\/home\/wp-content\/uploads\/2020\/10\/conto-de-inverno-william-shakespeare.pdf\" target=\"_blank\" rel=\"noreferrer noopener\">Conto de Inverno<\/a><\/li>\n\n\n\n<li><a href=\"https:\/\/www.netmundi.org\/home\/wp-content\/uploads\/2020\/10\/otelo-william-shakespeare.pdf\" target=\"_blank\" rel=\"noreferrer noopener\">Otelo<\/a><\/li>\n\n\n\n<li><a href=\"https:\/\/www.netmundi.org\/home\/wp-content\/uploads\/2020\/10\/antonio-e-cleopatra-william-shakespeare.pdf\" target=\"_blank\" rel=\"noreferrer noopener\">Ant\u00f4nio e Cle\u00f3patra<\/a><\/li>\n\n\n\n<li><a href=\"https:\/\/www.netmundi.org\/home\/wp-content\/uploads\/2020\/10\/rei-lear-william-shakespeare.pdf\" target=\"_blank\" rel=\"noreferrer noopener\">Rei Lear<\/a><\/li>\n\n\n\n<li><a href=\"https:\/\/www.netmundi.org\/home\/wp-content\/uploads\/2020\/10\/muito-barulho-por-nada-william-shakespeare.pdf\" target=\"_blank\" rel=\"noreferrer noopener\">Muito Barulho por Nada<\/a><\/li>\n\n\n\n<li><a href=\"https:\/\/www.netmundi.org\/home\/wp-content\/uploads\/2020\/10\/Julio-Cesar-William-Shakespeare.pdf\" target=\"_blank\" rel=\"noreferrer noopener\">J\u00falio Cesar<\/a><\/li>\n\n\n\n<li><a href=\"https:\/\/www.netmundi.org\/home\/wp-content\/uploads\/2020\/10\/as-alegres-senhoras-windsor-william-shakespeare.pdf\" target=\"_blank\" rel=\"noreferrer noopener\">As Alegres Senhoras Windsor<\/a><\/li>\n\n\n\n<li><a href=\"https:\/\/www.netmundi.org\/home\/wp-content\/uploads\/2020\/10\/ricardo-III-William-Shakespeare.pdf\" target=\"_blank\" rel=\"noreferrer noopener\">Ricardo III<\/a><\/li>\n\n\n\n<li><a href=\"https:\/\/www.netmundi.org\/home\/wp-content\/uploads\/2020\/10\/medida-por-medida-william-shakespeare.pdf\" target=\"_blank\" rel=\"noreferrer noopener\">Medida por Medida<\/a><\/li>\n\n\n\n<li><a href=\"https:\/\/www.netmundi.org\/home\/wp-content\/uploads\/2020\/10\/os-dois-cavalheiros-de-verona-william-sharespeare.pdf\" target=\"_blank\" rel=\"noreferrer noopener\">Os Dois Cavalheiros de Verona<\/a><\/li>\n\n\n\n<li><a href=\"https:\/\/www.netmundi.org\/home\/wp-content\/uploads\/2020\/10\/coriolano-william-shakespeare.pdf\" target=\"_blank\" rel=\"noreferrer noopener\">Coriolano<\/a><\/li>\n\n\n\n<li><a href=\"https:\/\/www.netmundi.org\/home\/wp-content\/uploads\/2020\/10\/Tito-Andronico-William-Shakespeare.pdf\" target=\"_blank\" rel=\"noreferrer noopener\">Tito Andr\u00f4nico<\/a><\/li>\n\n\n\n<li><a href=\"https:\/\/www.netmundi.org\/home\/wp-content\/uploads\/2020\/11\/Hamlet-William-Shakespeare.pdf\" target=\"_blank\" rel=\"noreferrer noopener\">Hamlet<\/a><\/li>\n<\/ol>\n","protected":false},"excerpt":{"rendered":"<p>Colet\u00e2nea de 350 cl\u00e1ssicos de dom\u00ednio p\u00fablico da literatura e da filosofia. Os cl\u00e1ssicos s\u00e3o obras que moldaram as sociedades, tal como a Odisseia, de Homero, que delineou o ambiente cultural da Gr\u00e9cia Antiga, e A Rep\u00fablica, de Plat\u00e3o, que \u00e9 marco do pensamento filos\u00f3fico. Da mesma forma, autores como Wiliam Shakespeare, Dante Alighieri e Lu\u00eds de Cam\u00f5es influenciaram a cultura de seus povos; fil\u00f3sofos como Descartes, Rousseau e Immanuel Kant delinearam o pensamento cient\u00edfico e a pol\u00edtica do ocidente. No Brasil, Machado de Assis retratou a contrastante realidade sem as distor\u00e7\u00f5es rom\u00e2nticas da literatura de sua \u00e9poca, introduzindo o realismo e determinando a prosa brasileira do s\u00e9culo XIX. \u00c9 considerado tamb\u00e9m um dos grandes autores da literatura mundial. Conhecer nossos autores cl\u00e1ssicos \u00e9 compreender nossa identidade. Os cl\u00e1ssicos da literatura e da filosofia, devidamente situados em seu momento hist\u00f3rico, s\u00e3o obras que fazem parte do processo civilizat\u00f3rio. Conhecer essas obras \u00e9 tomar consci\u00eancia desse processo, nos tornando sujeitos ativos na jornada da humanidade. Sugest\u00e3o de Leitura Frases de Grandes Pensadores Autor:&nbsp;Alfredo Carneiro&nbsp;\u2013 Graduado em Filosofia e p\u00f3s-graduado em Filosofia e Exist\u00eancia pela Universidade Cat\u00f3lica de Bras\u00edlia. Cl\u00e1ssicos da literatura e da filosofia: 350 obras para baixar Adam Smith A [&#8230;]<\/p>\n","protected":false},"author":1,"featured_media":14753,"comment_status":"closed","ping_status":"closed","sticky":false,"template":"","format":"standard","meta":{"footnotes":""},"categories":[523],"tags":[24],"class_list":["post-14713","post","type-post","status-publish","format-standard","has-post-thumbnail","hentry","category-livros-para-baixar","tag-literatura"],"yoast_head":"<!-- This site is optimized with the Yoast SEO plugin v26.6 - https:\/\/yoast.com\/wordpress\/plugins\/seo\/ -->\n<title>Cl\u00e1ssicos da literatura e da filosofia: 350 obras para baixar - netmundi.org<\/title>\n<meta name=\"description\" content=\"Colet\u00e2nea de obras cl\u00e1ssicas da literatura mundial em PDF de dom\u00ednio p\u00fablico. Os cl\u00e1ssicos s\u00e3o obras que moldaram as sociedades\" \/>\n<meta name=\"robots\" content=\"index, follow, max-snippet:-1, max-image-preview:large, max-video-preview:-1\" \/>\n<link rel=\"canonical\" href=\"https:\/\/www.netmundi.org\/home\/classicos-da-literatura-e-da-filosofia-300-obras-para-baixar\/\" \/>\n<meta property=\"og:locale\" content=\"pt_BR\" \/>\n<meta property=\"og:type\" content=\"article\" \/>\n<meta property=\"og:title\" content=\"Cl\u00e1ssicos da literatura e da filosofia: 350 obras para baixar - netmundi.org\" \/>\n<meta property=\"og:description\" content=\"Colet\u00e2nea de obras cl\u00e1ssicas da literatura mundial em PDF de dom\u00ednio p\u00fablico. Os cl\u00e1ssicos s\u00e3o obras que moldaram as sociedades\" \/>\n<meta property=\"og:url\" content=\"https:\/\/www.netmundi.org\/home\/classicos-da-literatura-e-da-filosofia-300-obras-para-baixar\/\" \/>\n<meta property=\"og:site_name\" content=\"netmundi.org\" \/>\n<meta property=\"article:published_time\" content=\"2020-11-15T11:57:50+00:00\" \/>\n<meta property=\"article:modified_time\" content=\"2025-10-01T18:31:05+00:00\" \/>\n<meta property=\"og:image\" content=\"https:\/\/www.netmundi.org\/home\/wp-content\/uploads\/2020\/10\/livros-da-literatura-mundial.jpg\" \/>\n\t<meta property=\"og:image:width\" content=\"1200\" \/>\n\t<meta property=\"og:image:height\" content=\"800\" \/>\n\t<meta property=\"og:image:type\" content=\"image\/jpeg\" \/>\n<meta name=\"author\" content=\"Netmundi.org - Filosofia na Rede\" \/>\n<meta name=\"twitter:card\" content=\"summary_large_image\" \/>\n<meta name=\"twitter:creator\" content=\"@alfredo_mrc\" \/>\n<meta name=\"twitter:site\" content=\"@alfredo_mrc\" \/>\n<meta name=\"twitter:label1\" content=\"Escrito por\" \/>\n\t<meta name=\"twitter:data1\" content=\"Netmundi.org - Filosofia na Rede\" \/>\n\t<meta name=\"twitter:label2\" content=\"Est. tempo de leitura\" \/>\n\t<meta name=\"twitter:data2\" content=\"11 minutos\" \/>\n<script type=\"application\/ld+json\" class=\"yoast-schema-graph\">{\"@context\":\"https:\/\/schema.org\",\"@graph\":[{\"@type\":\"Article\",\"@id\":\"https:\/\/www.netmundi.org\/home\/classicos-da-literatura-e-da-filosofia-300-obras-para-baixar\/#article\",\"isPartOf\":{\"@id\":\"https:\/\/www.netmundi.org\/home\/classicos-da-literatura-e-da-filosofia-300-obras-para-baixar\/\"},\"author\":{\"name\":\"Netmundi.org - Filosofia na Rede\",\"@id\":\"https:\/\/www.netmundi.org\/home\/#\/schema\/person\/12ddd80f62a6f0e98d99e56c5a71eed2\"},\"headline\":\"Cl\u00e1ssicos da literatura e da filosofia: 350 obras para baixar\",\"datePublished\":\"2020-11-15T11:57:50+00:00\",\"dateModified\":\"2025-10-01T18:31:05+00:00\",\"mainEntityOfPage\":{\"@id\":\"https:\/\/www.netmundi.org\/home\/classicos-da-literatura-e-da-filosofia-300-obras-para-baixar\/\"},\"wordCount\":2087,\"publisher\":{\"@id\":\"https:\/\/www.netmundi.org\/home\/#\/schema\/person\/12ddd80f62a6f0e98d99e56c5a71eed2\"},\"image\":{\"@id\":\"https:\/\/www.netmundi.org\/home\/classicos-da-literatura-e-da-filosofia-300-obras-para-baixar\/#primaryimage\"},\"thumbnailUrl\":\"https:\/\/www.netmundi.org\/home\/wp-content\/uploads\/2020\/10\/livros-da-literatura-mundial.jpg\",\"keywords\":[\"literatura\"],\"articleSection\":[\"Biblioteca\"],\"inLanguage\":\"pt-BR\"},{\"@type\":\"WebPage\",\"@id\":\"https:\/\/www.netmundi.org\/home\/classicos-da-literatura-e-da-filosofia-300-obras-para-baixar\/\",\"url\":\"https:\/\/www.netmundi.org\/home\/classicos-da-literatura-e-da-filosofia-300-obras-para-baixar\/\",\"name\":\"Cl\u00e1ssicos da literatura e da filosofia: 350 obras para baixar - netmundi.org\",\"isPartOf\":{\"@id\":\"https:\/\/www.netmundi.org\/home\/#website\"},\"primaryImageOfPage\":{\"@id\":\"https:\/\/www.netmundi.org\/home\/classicos-da-literatura-e-da-filosofia-300-obras-para-baixar\/#primaryimage\"},\"image\":{\"@id\":\"https:\/\/www.netmundi.org\/home\/classicos-da-literatura-e-da-filosofia-300-obras-para-baixar\/#primaryimage\"},\"thumbnailUrl\":\"https:\/\/www.netmundi.org\/home\/wp-content\/uploads\/2020\/10\/livros-da-literatura-mundial.jpg\",\"datePublished\":\"2020-11-15T11:57:50+00:00\",\"dateModified\":\"2025-10-01T18:31:05+00:00\",\"description\":\"Colet\u00e2nea de obras cl\u00e1ssicas da literatura mundial em PDF de dom\u00ednio p\u00fablico. Os cl\u00e1ssicos s\u00e3o obras que moldaram as sociedades\",\"breadcrumb\":{\"@id\":\"https:\/\/www.netmundi.org\/home\/classicos-da-literatura-e-da-filosofia-300-obras-para-baixar\/#breadcrumb\"},\"inLanguage\":\"pt-BR\",\"potentialAction\":[{\"@type\":\"ReadAction\",\"target\":[\"https:\/\/www.netmundi.org\/home\/classicos-da-literatura-e-da-filosofia-300-obras-para-baixar\/\"]}]},{\"@type\":\"ImageObject\",\"inLanguage\":\"pt-BR\",\"@id\":\"https:\/\/www.netmundi.org\/home\/classicos-da-literatura-e-da-filosofia-300-obras-para-baixar\/#primaryimage\",\"url\":\"https:\/\/www.netmundi.org\/home\/wp-content\/uploads\/2020\/10\/livros-da-literatura-mundial.jpg\",\"contentUrl\":\"https:\/\/www.netmundi.org\/home\/wp-content\/uploads\/2020\/10\/livros-da-literatura-mundial.jpg\",\"width\":1200,\"height\":800,\"caption\":\"Literatura Mundial - livros para baixar\"},{\"@type\":\"BreadcrumbList\",\"@id\":\"https:\/\/www.netmundi.org\/home\/classicos-da-literatura-e-da-filosofia-300-obras-para-baixar\/#breadcrumb\",\"itemListElement\":[{\"@type\":\"ListItem\",\"position\":1,\"name\":\"In\u00edcio\",\"item\":\"https:\/\/www.netmundi.org\/home\/\"},{\"@type\":\"ListItem\",\"position\":2,\"name\":\"Cl\u00e1ssicos da literatura e da filosofia: 350 obras para baixar\"}]},{\"@type\":\"WebSite\",\"@id\":\"https:\/\/www.netmundi.org\/home\/#website\",\"url\":\"https:\/\/www.netmundi.org\/home\/\",\"name\":\"netmundi.org\",\"description\":\"ARTE, CULTURA E FILOSOFIA\",\"publisher\":{\"@id\":\"https:\/\/www.netmundi.org\/home\/#\/schema\/person\/12ddd80f62a6f0e98d99e56c5a71eed2\"},\"potentialAction\":[{\"@type\":\"SearchAction\",\"target\":{\"@type\":\"EntryPoint\",\"urlTemplate\":\"https:\/\/www.netmundi.org\/home\/?s={search_term_string}\"},\"query-input\":{\"@type\":\"PropertyValueSpecification\",\"valueRequired\":true,\"valueName\":\"search_term_string\"}}],\"inLanguage\":\"pt-BR\"},{\"@type\":[\"Person\",\"Organization\"],\"@id\":\"https:\/\/www.netmundi.org\/home\/#\/schema\/person\/12ddd80f62a6f0e98d99e56c5a71eed2\",\"name\":\"Netmundi.org - Filosofia na Rede\",\"image\":{\"@type\":\"ImageObject\",\"inLanguage\":\"pt-BR\",\"@id\":\"https:\/\/www.netmundi.org\/home\/#\/schema\/person\/image\/\",\"url\":\"https:\/\/secure.gravatar.com\/avatar\/4b425da16797e1bacc1ee50a40075366497cc3dd3e5c4319ef30ca6895d04061?s=96&r=g\",\"contentUrl\":\"https:\/\/secure.gravatar.com\/avatar\/4b425da16797e1bacc1ee50a40075366497cc3dd3e5c4319ef30ca6895d04061?s=96&r=g\",\"caption\":\"Netmundi.org - Filosofia na Rede\"},\"logo\":{\"@id\":\"https:\/\/www.netmundi.org\/home\/#\/schema\/person\/image\/\"},\"url\":\"https:\/\/www.netmundi.org\/home\/author\/admin\/\"}]}<\/script>\n<!-- \/ Yoast SEO plugin. -->","yoast_head_json":{"title":"Cl\u00e1ssicos da literatura e da filosofia: 350 obras para baixar - netmundi.org","description":"Colet\u00e2nea de obras cl\u00e1ssicas da literatura mundial em PDF de dom\u00ednio p\u00fablico. Os cl\u00e1ssicos s\u00e3o obras que moldaram as sociedades","robots":{"index":"index","follow":"follow","max-snippet":"max-snippet:-1","max-image-preview":"max-image-preview:large","max-video-preview":"max-video-preview:-1"},"canonical":"https:\/\/www.netmundi.org\/home\/classicos-da-literatura-e-da-filosofia-300-obras-para-baixar\/","og_locale":"pt_BR","og_type":"article","og_title":"Cl\u00e1ssicos da literatura e da filosofia: 350 obras para baixar - netmundi.org","og_description":"Colet\u00e2nea de obras cl\u00e1ssicas da literatura mundial em PDF de dom\u00ednio p\u00fablico. Os cl\u00e1ssicos s\u00e3o obras que moldaram as sociedades","og_url":"https:\/\/www.netmundi.org\/home\/classicos-da-literatura-e-da-filosofia-300-obras-para-baixar\/","og_site_name":"netmundi.org","article_published_time":"2020-11-15T11:57:50+00:00","article_modified_time":"2025-10-01T18:31:05+00:00","og_image":[{"width":1200,"height":800,"url":"https:\/\/www.netmundi.org\/home\/wp-content\/uploads\/2020\/10\/livros-da-literatura-mundial.jpg","type":"image\/jpeg"}],"author":"Netmundi.org - Filosofia na Rede","twitter_card":"summary_large_image","twitter_creator":"@alfredo_mrc","twitter_site":"@alfredo_mrc","twitter_misc":{"Escrito por":"Netmundi.org - Filosofia na Rede","Est. tempo de leitura":"11 minutos"},"schema":{"@context":"https:\/\/schema.org","@graph":[{"@type":"Article","@id":"https:\/\/www.netmundi.org\/home\/classicos-da-literatura-e-da-filosofia-300-obras-para-baixar\/#article","isPartOf":{"@id":"https:\/\/www.netmundi.org\/home\/classicos-da-literatura-e-da-filosofia-300-obras-para-baixar\/"},"author":{"name":"Netmundi.org - Filosofia na Rede","@id":"https:\/\/www.netmundi.org\/home\/#\/schema\/person\/12ddd80f62a6f0e98d99e56c5a71eed2"},"headline":"Cl\u00e1ssicos da literatura e da filosofia: 350 obras para baixar","datePublished":"2020-11-15T11:57:50+00:00","dateModified":"2025-10-01T18:31:05+00:00","mainEntityOfPage":{"@id":"https:\/\/www.netmundi.org\/home\/classicos-da-literatura-e-da-filosofia-300-obras-para-baixar\/"},"wordCount":2087,"publisher":{"@id":"https:\/\/www.netmundi.org\/home\/#\/schema\/person\/12ddd80f62a6f0e98d99e56c5a71eed2"},"image":{"@id":"https:\/\/www.netmundi.org\/home\/classicos-da-literatura-e-da-filosofia-300-obras-para-baixar\/#primaryimage"},"thumbnailUrl":"https:\/\/www.netmundi.org\/home\/wp-content\/uploads\/2020\/10\/livros-da-literatura-mundial.jpg","keywords":["literatura"],"articleSection":["Biblioteca"],"inLanguage":"pt-BR"},{"@type":"WebPage","@id":"https:\/\/www.netmundi.org\/home\/classicos-da-literatura-e-da-filosofia-300-obras-para-baixar\/","url":"https:\/\/www.netmundi.org\/home\/classicos-da-literatura-e-da-filosofia-300-obras-para-baixar\/","name":"Cl\u00e1ssicos da literatura e da filosofia: 350 obras para baixar - netmundi.org","isPartOf":{"@id":"https:\/\/www.netmundi.org\/home\/#website"},"primaryImageOfPage":{"@id":"https:\/\/www.netmundi.org\/home\/classicos-da-literatura-e-da-filosofia-300-obras-para-baixar\/#primaryimage"},"image":{"@id":"https:\/\/www.netmundi.org\/home\/classicos-da-literatura-e-da-filosofia-300-obras-para-baixar\/#primaryimage"},"thumbnailUrl":"https:\/\/www.netmundi.org\/home\/wp-content\/uploads\/2020\/10\/livros-da-literatura-mundial.jpg","datePublished":"2020-11-15T11:57:50+00:00","dateModified":"2025-10-01T18:31:05+00:00","description":"Colet\u00e2nea de obras cl\u00e1ssicas da literatura mundial em PDF de dom\u00ednio p\u00fablico. Os cl\u00e1ssicos s\u00e3o obras que moldaram as sociedades","breadcrumb":{"@id":"https:\/\/www.netmundi.org\/home\/classicos-da-literatura-e-da-filosofia-300-obras-para-baixar\/#breadcrumb"},"inLanguage":"pt-BR","potentialAction":[{"@type":"ReadAction","target":["https:\/\/www.netmundi.org\/home\/classicos-da-literatura-e-da-filosofia-300-obras-para-baixar\/"]}]},{"@type":"ImageObject","inLanguage":"pt-BR","@id":"https:\/\/www.netmundi.org\/home\/classicos-da-literatura-e-da-filosofia-300-obras-para-baixar\/#primaryimage","url":"https:\/\/www.netmundi.org\/home\/wp-content\/uploads\/2020\/10\/livros-da-literatura-mundial.jpg","contentUrl":"https:\/\/www.netmundi.org\/home\/wp-content\/uploads\/2020\/10\/livros-da-literatura-mundial.jpg","width":1200,"height":800,"caption":"Literatura Mundial - livros para baixar"},{"@type":"BreadcrumbList","@id":"https:\/\/www.netmundi.org\/home\/classicos-da-literatura-e-da-filosofia-300-obras-para-baixar\/#breadcrumb","itemListElement":[{"@type":"ListItem","position":1,"name":"In\u00edcio","item":"https:\/\/www.netmundi.org\/home\/"},{"@type":"ListItem","position":2,"name":"Cl\u00e1ssicos da literatura e da filosofia: 350 obras para baixar"}]},{"@type":"WebSite","@id":"https:\/\/www.netmundi.org\/home\/#website","url":"https:\/\/www.netmundi.org\/home\/","name":"netmundi.org","description":"ARTE, CULTURA E FILOSOFIA","publisher":{"@id":"https:\/\/www.netmundi.org\/home\/#\/schema\/person\/12ddd80f62a6f0e98d99e56c5a71eed2"},"potentialAction":[{"@type":"SearchAction","target":{"@type":"EntryPoint","urlTemplate":"https:\/\/www.netmundi.org\/home\/?s={search_term_string}"},"query-input":{"@type":"PropertyValueSpecification","valueRequired":true,"valueName":"search_term_string"}}],"inLanguage":"pt-BR"},{"@type":["Person","Organization"],"@id":"https:\/\/www.netmundi.org\/home\/#\/schema\/person\/12ddd80f62a6f0e98d99e56c5a71eed2","name":"Netmundi.org - Filosofia na Rede","image":{"@type":"ImageObject","inLanguage":"pt-BR","@id":"https:\/\/www.netmundi.org\/home\/#\/schema\/person\/image\/","url":"https:\/\/secure.gravatar.com\/avatar\/4b425da16797e1bacc1ee50a40075366497cc3dd3e5c4319ef30ca6895d04061?s=96&r=g","contentUrl":"https:\/\/secure.gravatar.com\/avatar\/4b425da16797e1bacc1ee50a40075366497cc3dd3e5c4319ef30ca6895d04061?s=96&r=g","caption":"Netmundi.org - Filosofia na Rede"},"logo":{"@id":"https:\/\/www.netmundi.org\/home\/#\/schema\/person\/image\/"},"url":"https:\/\/www.netmundi.org\/home\/author\/admin\/"}]}},"amp_enabled":true,"_links":{"self":[{"href":"https:\/\/www.netmundi.org\/home\/wp-json\/wp\/v2\/posts\/14713","targetHints":{"allow":["GET"]}}],"collection":[{"href":"https:\/\/www.netmundi.org\/home\/wp-json\/wp\/v2\/posts"}],"about":[{"href":"https:\/\/www.netmundi.org\/home\/wp-json\/wp\/v2\/types\/post"}],"author":[{"embeddable":true,"href":"https:\/\/www.netmundi.org\/home\/wp-json\/wp\/v2\/users\/1"}],"replies":[{"embeddable":true,"href":"https:\/\/www.netmundi.org\/home\/wp-json\/wp\/v2\/comments?post=14713"}],"version-history":[{"count":418,"href":"https:\/\/www.netmundi.org\/home\/wp-json\/wp\/v2\/posts\/14713\/revisions"}],"predecessor-version":[{"id":20258,"href":"https:\/\/www.netmundi.org\/home\/wp-json\/wp\/v2\/posts\/14713\/revisions\/20258"}],"wp:featuredmedia":[{"embeddable":true,"href":"https:\/\/www.netmundi.org\/home\/wp-json\/wp\/v2\/media\/14753"}],"wp:attachment":[{"href":"https:\/\/www.netmundi.org\/home\/wp-json\/wp\/v2\/media?parent=14713"}],"wp:term":[{"taxonomy":"category","embeddable":true,"href":"https:\/\/www.netmundi.org\/home\/wp-json\/wp\/v2\/categories?post=14713"},{"taxonomy":"post_tag","embeddable":true,"href":"https:\/\/www.netmundi.org\/home\/wp-json\/wp\/v2\/tags?post=14713"}],"curies":[{"name":"wp","href":"https:\/\/api.w.org\/{rel}","templated":true}]}}